{"id":129146,"date":"2020-12-25T08:15:38","date_gmt":"2020-12-25T13:15:38","guid":{"rendered":"https:\/\/www.prwrestling.com\/nw\/?p=129146"},"modified":"2020-12-25T08:15:38","modified_gmt":"2020-12-25T13:15:38","slug":"nidia-explica-por-que-asistio-a-la-ceremonia-hall-of-fame-del-2016","status":"publish","type":"post","link":"https:\/\/www.prwrestling.com\/nw\/nidia-explica-por-que-asistio-a-la-ceremonia-hall-of-fame-del-2016\/","title":{"rendered":"Nidia explica por qu\u00e9 asisti\u00f3 a la ceremonia Hall of Fame del 2016"},"content":{"rendered":"<p>Durante una entrevista con <a href=\"https:\/\/www.fightful.com\/wrestling\/exclusives\/nidia-explains-wwe-hall-fame-2016-appearance-after-being-away-wwe-11-years\" target=\"_blank\" rel=\"noopener\">Fightful<\/a>, la ex luchadora de la WWE Nidia habl\u00f3 sobre su experiencia al regresar a la WWE para la ceremonia del Sal\u00f3n de la Fama de 2016. <!--more--><div id=\"ad-slot\" style=\"min-width: 300px; min-height: 250px;\">\r\n<p style=\"text-align: center;\">\r\n<script async src=\"https:\/\/pagead2.googlesyndication.com\/pagead\/js\/adsbygoogle.js\"><\/script>\r\n<!-- 300x250 sc a -->\r\n<ins class=\"adsbygoogle\"\r\n     style=\"display:inline-block;width:300px;height:250px\"\r\n     data-ad-client=\"ca-pub-1244235910658811\"\r\n     data-ad-slot=\"8592682546\"><\/ins>\r\n<script>\r\n     (adsbygoogle = window.adsbygoogle || []).push({});\r\n<\/script><\/center>\r\n<\/p><\/div><br \/>\nLa luchadora boricua estuvo presente, pero no fue reconocida ni fue parte de alguna actividad oficial de la empresa ya que estaba como invitada de una de las homenajeadas.<\/p>\n<p>\u201cNora (Molly Holly) me llam\u00f3. Ella dijo: &#8216;Oye, voy a estar en la ciudad. \u00bfQuieres ser mi cita para WrestleMania? &#8216;Yo estaba como,&#8217; Oh, Dios, s\u00ed. No te he visto en tanto tiempo, vamos a pasar el rato juntas&#8221;. As\u00ed es como sucedi\u00f3. Me puse al d\u00eda con todos excepto con Cena. La \u00faltima vez que lo vi, ten\u00eda concierto en Italia (hace m\u00e1s de una d\u00e9cada). Yo estaba all\u00ed y esa fue la \u00faltima vez que lo vi. Fui a su concierto y luego salimos. Pero, s\u00ed, esa es la \u00fanica persona con la que no me puse al d\u00eda.\u201d<br \/>\n<div id=\"ad-slot\" style=\"min-width: 300px; min-height: 250px;\"><p style=\"text-align: center;\">\r\n<script async src=\"https:\/\/pagead2.googlesyndication.com\/pagead\/js\/adsbygoogle.js\"><\/script>\r\n<!-- Responsive sc c -->\r\n<ins class=\"adsbygoogle\"\r\n     style=\"display:block\"\r\n     data-ad-client=\"ca-pub-1244235910658811\"\r\n     data-ad-slot=\"4234005358\"\r\n     data-ad-format=\"auto\"\r\n     data-full-width-responsive=\"true\"><\/ins>\r\n<script>\r\n     (adsbygoogle = window.adsbygoogle || []).push({});\r\n<\/script><\/p><\/div><br \/>\n\u201cVi a Randy (Orton). Fue fant\u00e1stico. Sal\u00ed con Candice (Michelle). Shelton es un buen amigo de Candice. Me dec\u00eda: &#8220;Tienes que conocer a esta chica. Ustedes dos se van a llevar muy bien\u201d. Hablo con ella y simplemente me recuerda a ti. Ten\u00eda raz\u00f3n. Tan pronto como la conoc\u00ed nos llevamos bien. Me fui con Nora y tambi\u00e9n sal\u00ed con ella, pero pas\u00e9 mi fin de semana con Candice.\u201d<\/p>\n<p>\u201cJamie Noble, ese hijo de p#ta. Pas\u00f3 junto a m\u00ed y me dice: &#8220;Oye, ni\u00f1a&#8221;. Me di la vuelta. Estaba con su esposa y supongo, no s\u00e9, si no se le permite hablar con otras chicas. Pero yo digo: &#8216;Oye, Jamie. Soy yo, Nidia. \u00bfTe acuerdas de m\u00ed? Sol\u00edamos ser socios&#8221;. \u00c9l dice: &#8220; \u00a1S\u00e9 qui\u00e9n eres! &#8221;. Yo estaba como, &#8220; \u00bfQu\u00e9 tipo de saludo es ese? &#8221;. Entonces, se dio la vuelta y lo compens\u00f3,\u201d dijo.<\/p>\n","protected":false},"excerpt":{"rendered":"<p>Durante una entrevista con Fightful, la ex luchadora de la WWE Nidia habl\u00f3 sobre su experiencia al regresar a la WWE para la ceremonia del Sal\u00f3n de la Fama de 2016.<\/p>\n","protected":false},"author":1,"featured_media":129147,"comment_status":"open","ping_status":"closed","sticky":false,"template":"","format":"standard","meta":{"footnotes":""},"categories":[5,38],"tags":[6033,9],"class_list":{"0":"post-129146","1":"post","2":"type-post","3":"status-publish","4":"format-standard","5":"has-post-thumbnail","7":"category-noticias","8":"category-noticias-y-rumores-de-la-wwe","9":"tag-nidia","10":"tag-wwe"},"_links":{"self":[{"href":"https:\/\/www.prwrestling.com\/nw\/wp-json\/wp\/v2\/posts\/129146","targetHints":{"allow":["GET"]}}],"collection":[{"href":"https:\/\/www.prwrestling.com\/nw\/wp-json\/wp\/v2\/posts"}],"about":[{"href":"https:\/\/www.prwrestling.com\/nw\/wp-json\/wp\/v2\/types\/post"}],"author":[{"embeddable":true,"href":"https:\/\/www.prwrestling.com\/nw\/wp-json\/wp\/v2\/users\/1"}],"replies":[{"embeddable":true,"href":"https:\/\/www.prwrestling.com\/nw\/wp-json\/wp\/v2\/comments?post=129146"}],"version-history":[{"count":0,"href":"https:\/\/www.prwrestling.com\/nw\/wp-json\/wp\/v2\/posts\/129146\/revisions"}],"wp:featuredmedia":[{"embeddable":true,"href":"https:\/\/www.prwrestling.com\/nw\/wp-json\/wp\/v2\/media\/129147"}],"wp:attachment":[{"href":"https:\/\/www.prwrestling.com\/nw\/wp-json\/wp\/v2\/media?parent=129146"}],"wp:term":[{"taxonomy":"category","embeddable":true,"href":"https:\/\/www.prwrestling.com\/nw\/wp-json\/wp\/v2\/categories?post=129146"},{"taxonomy":"post_tag","embeddable":true,"href":"https:\/\/www.prwrestling.com\/nw\/wp-json\/wp\/v2\/tags?post=129146"}],"curies":[{"name":"wp","href":"https:\/\/api.w.org\/{rel}","templated":true}]}}