{"id":129298,"date":"2021-01-02T08:09:35","date_gmt":"2021-01-02T13:09:35","guid":{"rendered":"https:\/\/www.prwrestling.com\/nw\/?p=129298"},"modified":"2021-01-02T13:06:47","modified_gmt":"2021-01-02T18:06:47","slug":"mick-foley-anuncia-arrojo-positivo-al-covid-19","status":"publish","type":"post","link":"https:\/\/www.prwrestling.com\/nw\/mick-foley-anuncia-arrojo-positivo-al-covid-19\/","title":{"rendered":"Mick Foley anuncia arroj\u00f3 positivo al COVID-19"},"content":{"rendered":"<p>Mick Foley ha revelado que dio positivo por COVID-19. Esto se produjo despu\u00e9s de que entr\u00f3 en contacto con el virus durante una firma virtual.<!--more--><div id=\"ad-slot\" style=\"min-width: 300px; min-height: 250px;\">\r\n<p style=\"text-align: center;\">\r\n<script async src=\"https:\/\/pagead2.googlesyndication.com\/pagead\/js\/adsbygoogle.js\"><\/script>\r\n<!-- 300x250 sc a -->\r\n<ins class=\"adsbygoogle\"\r\n     style=\"display:inline-block;width:300px;height:250px\"\r\n     data-ad-client=\"ca-pub-1244235910658811\"\r\n     data-ad-slot=\"8592682546\"><\/ins>\r\n<script>\r\n     (adsbygoogle = window.adsbygoogle || []).push({});\r\n<\/script><\/center>\r\n<\/p><\/div><br \/>\nFoley revel\u00f3 en un video que estuvo con s\u00f3lo dos personas junto a el en la actividad, y una de ellas torn\u00f3 estar infectada. Ha estado en cuarentena en una habitaci\u00f3n de hotel y se perdi\u00f3 la Navidad y el A\u00f1o Nuevo con su familia.<\/p>\n<p>&#8220;Di positivo por COVID luego de una firma virtual en diciembre, y he estado aislado en una habitaci\u00f3n de hotel durante los \u00faltimos 18 d\u00edas.<\/p>\n<p>&#8220;Por favor, sigan tom\u00e1ndose este virus en serio: enmascaren la distancia social, cu\u00eddense unos a otros.<\/p>\n<p>&#8220;Les deseo a todos un feliz y saludable a\u00f1o nuevo.&#8221;<br \/>\n<div id=\"ad-slot\" style=\"min-width: 300px; min-height: 250px;\"><p style=\"text-align: center;\">\r\n<script async src=\"https:\/\/pagead2.googlesyndication.com\/pagead\/js\/adsbygoogle.js\"><\/script>\r\n<!-- Responsive sc c -->\r\n<ins class=\"adsbygoogle\"\r\n     style=\"display:block\"\r\n     data-ad-client=\"ca-pub-1244235910658811\"\r\n     data-ad-slot=\"4234005358\"\r\n     data-ad-format=\"auto\"\r\n     data-full-width-responsive=\"true\"><\/ins>\r\n<script>\r\n     (adsbygoogle = window.adsbygoogle || []).push({});\r\n<\/script><\/p><\/div><br \/>\nSu mensaje completo abajo:<\/p>\n<blockquote class=\"twitter-tweet\">\n<p dir=\"ltr\" lang=\"en\">I tested positive for COVID following a December virtual signing, and have been isolating in a hotel room for the past 18 days.<\/p>\n<p>Please continue to take this virus seriously &#8211; mask up, social distance, look out for one another.<\/p>\n<p>Wishing all of you a happy, healthy new year. <a href=\"https:\/\/t.co\/WFcM8iuUmi\">pic.twitter.com\/WFcM8iuUmi<\/a><\/p>\n<p>\u2014 Mick Foley (@RealMickFoley) <a href=\"https:\/\/twitter.com\/RealMickFoley\/status\/1345177069408321536?ref_src=twsrc%5Etfw\" target=\"_blank\" rel=\"noopener\">January 2, 2021<\/a><\/p><\/blockquote>\n<p><script async src=\"https:\/\/platform.twitter.com\/widgets.js\" charset=\"utf-8\"><\/script><\/p>\n","protected":false},"excerpt":{"rendered":"<p>Mick Foley ha revelado que dio positivo por COVID-19. Esto se produjo despu\u00e9s de que entr\u00f3 en contacto con el virus durante una firma virtual.<\/p>\n","protected":false},"author":1,"featured_media":129299,"comment_status":"open","ping_status":"closed","sticky":false,"template":"","format":"standard","meta":{"footnotes":""},"categories":[5,38],"tags":[1411],"class_list":{"0":"post-129298","1":"post","2":"type-post","3":"status-publish","4":"format-standard","5":"has-post-thumbnail","7":"category-noticias","8":"category-noticias-y-rumores-de-la-wwe","9":"tag-mick-foley"},"_links":{"self":[{"href":"https:\/\/www.prwrestling.com\/nw\/wp-json\/wp\/v2\/posts\/129298","targetHints":{"allow":["GET"]}}],"collection":[{"href":"https:\/\/www.prwrestling.com\/nw\/wp-json\/wp\/v2\/posts"}],"about":[{"href":"https:\/\/www.prwrestling.com\/nw\/wp-json\/wp\/v2\/types\/post"}],"author":[{"embeddable":true,"href":"https:\/\/www.prwrestling.com\/nw\/wp-json\/wp\/v2\/users\/1"}],"replies":[{"embeddable":true,"href":"https:\/\/www.prwrestling.com\/nw\/wp-json\/wp\/v2\/comments?post=129298"}],"version-history":[{"count":2,"href":"https:\/\/www.prwrestling.com\/nw\/wp-json\/wp\/v2\/posts\/129298\/revisions"}],"predecessor-version":[{"id":129303,"href":"https:\/\/www.prwrestling.com\/nw\/wp-json\/wp\/v2\/posts\/129298\/revisions\/129303"}],"wp:featuredmedia":[{"embeddable":true,"href":"https:\/\/www.prwrestling.com\/nw\/wp-json\/wp\/v2\/media\/129299"}],"wp:attachment":[{"href":"https:\/\/www.prwrestling.com\/nw\/wp-json\/wp\/v2\/media?parent=129298"}],"wp:term":[{"taxonomy":"category","embeddable":true,"href":"https:\/\/www.prwrestling.com\/nw\/wp-json\/wp\/v2\/categories?post=129298"},{"taxonomy":"post_tag","embeddable":true,"href":"https:\/\/www.prwrestling.com\/nw\/wp-json\/wp\/v2\/tags?post=129298"}],"curies":[{"name":"wp","href":"https:\/\/api.w.org\/{rel}","templated":true}]}}