{"id":129335,"date":"2021-01-04T20:52:05","date_gmt":"2021-01-05T01:52:05","guid":{"rendered":"https:\/\/www.prwrestling.com\/nw\/?p=129335"},"modified":"2021-01-04T20:56:37","modified_gmt":"2021-01-05T01:56:37","slug":"reporte-carlito-no-esta-en-raw","status":"publish","type":"post","link":"https:\/\/www.prwrestling.com\/nw\/reporte-carlito-no-esta-en-raw\/","title":{"rendered":"Reporte: Carlito no est\u00e1 en Raw"},"content":{"rendered":"<p>Seg\u00fan Fightful Select, algunas cosas &#8220;se retrasaron&#8221; para Raw esta noche en t\u00e9rminos de producci\u00f3n. <!--more--><div id=\"ad-slot\" style=\"min-width: 300px; min-height: 250px;\">\r\n<p style=\"text-align: center;\">\r\n<script async src=\"https:\/\/pagead2.googlesyndication.com\/pagead\/js\/adsbygoogle.js\"><\/script>\r\n<!-- 300x250 sc a -->\r\n<ins class=\"adsbygoogle\"\r\n     style=\"display:inline-block;width:300px;height:250px\"\r\n     data-ad-client=\"ca-pub-1244235910658811\"\r\n     data-ad-slot=\"8592682546\"><\/ins>\r\n<script>\r\n     (adsbygoogle = window.adsbygoogle || []).push({});\r\n<\/script><\/center>\r\n<\/p><\/div><br \/>\nHubo problemas con el viaje para llevar a Carlito al programa de esta noche. Iba a aparecer en persona, pero ahora no se espera que est\u00e9 all\u00ed. No se saben mas detalles hasta el momento.<\/p>\n<p>Candice Michelle tampoco asistir\u00e1 al programa de esta noche. No se dio ninguna raz\u00f3n exacta.<\/p>\n","protected":false},"excerpt":{"rendered":"<p>Seg\u00fan Fightful Select, algunas cosas &#8220;se retrasaron&#8221; para Raw esta noche en t\u00e9rminos de producci\u00f3n.<\/p>\n","protected":false},"author":1,"featured_media":5889,"comment_status":"open","ping_status":"closed","sticky":false,"template":"","format":"standard","meta":{"footnotes":""},"categories":[5,38],"tags":[],"class_list":{"0":"post-129335","1":"post","2":"type-post","3":"status-publish","4":"format-standard","5":"has-post-thumbnail","7":"category-noticias","8":"category-noticias-y-rumores-de-la-wwe"},"_links":{"self":[{"href":"https:\/\/www.prwrestling.com\/nw\/wp-json\/wp\/v2\/posts\/129335","targetHints":{"allow":["GET"]}}],"collection":[{"href":"https:\/\/www.prwrestling.com\/nw\/wp-json\/wp\/v2\/posts"}],"about":[{"href":"https:\/\/www.prwrestling.com\/nw\/wp-json\/wp\/v2\/types\/post"}],"author":[{"embeddable":true,"href":"https:\/\/www.prwrestling.com\/nw\/wp-json\/wp\/v2\/users\/1"}],"replies":[{"embeddable":true,"href":"https:\/\/www.prwrestling.com\/nw\/wp-json\/wp\/v2\/comments?post=129335"}],"version-history":[{"count":2,"href":"https:\/\/www.prwrestling.com\/nw\/wp-json\/wp\/v2\/posts\/129335\/revisions"}],"predecessor-version":[{"id":129338,"href":"https:\/\/www.prwrestling.com\/nw\/wp-json\/wp\/v2\/posts\/129335\/revisions\/129338"}],"wp:featuredmedia":[{"embeddable":true,"href":"https:\/\/www.prwrestling.com\/nw\/wp-json\/wp\/v2\/media\/5889"}],"wp:attachment":[{"href":"https:\/\/www.prwrestling.com\/nw\/wp-json\/wp\/v2\/media?parent=129335"}],"wp:term":[{"taxonomy":"category","embeddable":true,"href":"https:\/\/www.prwrestling.com\/nw\/wp-json\/wp\/v2\/categories?post=129335"},{"taxonomy":"post_tag","embeddable":true,"href":"https:\/\/www.prwrestling.com\/nw\/wp-json\/wp\/v2\/tags?post=129335"}],"curies":[{"name":"wp","href":"https:\/\/api.w.org\/{rel}","templated":true}]}}