{"id":12941,"date":"2017-05-12T07:23:26","date_gmt":"2017-05-12T11:23:26","guid":{"rendered":"http:\/\/prwrestling.com\/nw\/?p=12941"},"modified":"2017-05-12T07:28:26","modified_gmt":"2017-05-12T11:28:26","slug":"pr-mike-mendoza-se-une-a-la-wwl","status":"publish","type":"post","link":"https:\/\/www.prwrestling.com\/nw\/pr-mike-mendoza-se-une-a-la-wwl\/","title":{"rendered":"PR: MIKE MENDOZA SE UNE A LA WWL"},"content":{"rendered":"<p style=\"text-align: center;\"><a href=\"http:\/\/prwrestling.com\/nw\/wp-content\/uploads\/2017\/05\/mike-mendoza.jpg\" target=\"_blank\" rel=\"noopener\"><img data-dominant-color=\"786453\" data-has-transparency=\"false\" style=\"--dominant-color: #786453;\" loading=\"lazy\" decoding=\"async\" class=\"wp-image-12942 aligncenter not-transparent\" alt=\"mike mendoza\" src=\"http:\/\/prwrestling.com\/nw\/wp-content\/uploads\/2017\/05\/mike-mendoza.jpg\" width=\"518\" height=\"389\" srcset=\"https:\/\/www.prwrestling.com\/nw\/wp-content\/uploads\/2017\/05\/mike-mendoza.jpg 960w, https:\/\/www.prwrestling.com\/nw\/wp-content\/uploads\/2017\/05\/mike-mendoza-300x225.jpg 300w, https:\/\/www.prwrestling.com\/nw\/wp-content\/uploads\/2017\/05\/mike-mendoza-768x576.jpg 768w, https:\/\/www.prwrestling.com\/nw\/wp-content\/uploads\/2017\/05\/mike-mendoza-150x113.jpg 150w, https:\/\/www.prwrestling.com\/nw\/wp-content\/uploads\/2017\/05\/mike-mendoza-450x338.jpg 450w\" sizes=\"auto, (max-width: 518px) 100vw, 518px\" \/><\/a><\/p>\n<p>Mike Mendoza se uni\u00f3 a las filas de la WWL, esto tras presentarse un segmento en la noche del jueves dentro del programa en Punto 2 en el que Mr 450 estaba hablando con Konnan sobre la lucha titular a celebrarse este s\u00e1bado en Golpe de Estado y hab\u00eda una persona alzando pesas y escuchando la conversaci\u00f3n.<\/p>\n<p>La persona luego fue revelada a ser Mendoza, quien presuntamente estar\u00e1 este s\u00e1bado en el evento.<\/p>\n<p style=\"text-align: center;\">Contin\u00faa abajo<br \/>\n<script type=\"text\/javascript\" src=\"\/\/pagead2.googlesyndication.com\/pagead\/js\/adsbygoogle.js\" async=\"\"><\/script><!-- 300x250 en medio de portajes (manual placement) --> <ins class=\"adsbygoogle\" style=\"display: inline-block; width: 300px; height: 250px;\" data-ad-client=\"ca-pub-1244235910658811\" data-ad-slot=\"8592682546\"><\/ins><script type=\"text\/javascript\">\/\/ <![CDATA[\n(adsbygoogle = window.adsbygoogle || []).push({});\n\/\/ ]]><\/script><\/p>\n<p>A continuaci\u00f3n el video.<\/p>\n<p><iframe loading=\"lazy\" style=\"border: none; overflow: hidden;\" src=\"https:\/\/www.facebook.com\/plugins\/video.php?href=https%3A%2F%2Fwww.facebook.com%2Fwwlmundial+%2Fvideos%2F1839979179349449%2F&amp;show_text=0&amp;width=560\" height=\"315\" width=\"560\" allowfullscreen=\"true\" frameborder=\"0\" scrolling=\"no\"><\/iframe><\/p>\n<p>Golpe de Estado se celebra este s\u00e1bado 13 de mayo en el nuevo Coliseo Box\u00edstico Junque\u00f1o del Municipio Aut\u00f3nomo de Juncos, comenzando a las 8:00pm. <\/p>\n<p style=\"text-align: center;\">Opina abajo<br \/>\n<script async src=\"\/\/pagead2.googlesyndication.com\/pagead\/js\/adsbygoogle.js\"><\/script><br \/>\n<!-- 300x250 derecha main page --><br \/>\n<ins class=\"adsbygoogle\"\n     style=\"display:inline-block;width:300px;height:250px\"\n     data-ad-client=\"ca-pub-1244235910658811\"\n     data-ad-slot=\"1988061967\"><\/ins><br \/>\n<script>\n(adsbygoogle = window.adsbygoogle || []).push({});\n<\/script><\/p>\n","protected":false},"excerpt":{"rendered":"<p>Mike Mendoza se uni\u00f3 a las filas de la WWL, esto tras presentarse un segmento en la noche del jueves dentro del programa en Punto 2 en el que Mr 450 estaba hablando con Konnan sobre la lucha titular a celebrarse este s\u00e1bado en Golpe de Estado y hab\u00eda una persona alzando pesas y escuchando<\/p>\n","protected":false},"author":3,"featured_media":12942,"comment_status":"closed","ping_status":"closed","sticky":false,"template":"","format":"standard","meta":{"footnotes":""},"categories":[5],"tags":[],"class_list":{"0":"post-12941","1":"post","2":"type-post","3":"status-publish","4":"format-standard","5":"has-post-thumbnail","7":"category-noticias"},"_links":{"self":[{"href":"https:\/\/www.prwrestling.com\/nw\/wp-json\/wp\/v2\/posts\/12941","targetHints":{"allow":["GET"]}}],"collection":[{"href":"https:\/\/www.prwrestling.com\/nw\/wp-json\/wp\/v2\/posts"}],"about":[{"href":"https:\/\/www.prwrestling.com\/nw\/wp-json\/wp\/v2\/types\/post"}],"author":[{"embeddable":true,"href":"https:\/\/www.prwrestling.com\/nw\/wp-json\/wp\/v2\/users\/3"}],"replies":[{"embeddable":true,"href":"https:\/\/www.prwrestling.com\/nw\/wp-json\/wp\/v2\/comments?post=12941"}],"version-history":[{"count":4,"href":"https:\/\/www.prwrestling.com\/nw\/wp-json\/wp\/v2\/posts\/12941\/revisions"}],"predecessor-version":[{"id":12946,"href":"https:\/\/www.prwrestling.com\/nw\/wp-json\/wp\/v2\/posts\/12941\/revisions\/12946"}],"wp:featuredmedia":[{"embeddable":true,"href":"https:\/\/www.prwrestling.com\/nw\/wp-json\/wp\/v2\/media\/12942"}],"wp:attachment":[{"href":"https:\/\/www.prwrestling.com\/nw\/wp-json\/wp\/v2\/media?parent=12941"}],"wp:term":[{"taxonomy":"category","embeddable":true,"href":"https:\/\/www.prwrestling.com\/nw\/wp-json\/wp\/v2\/categories?post=12941"},{"taxonomy":"post_tag","embeddable":true,"href":"https:\/\/www.prwrestling.com\/nw\/wp-json\/wp\/v2\/tags?post=12941"}],"curies":[{"name":"wp","href":"https:\/\/api.w.org\/{rel}","templated":true}]}}