{"id":129465,"date":"2021-01-14T17:44:32","date_gmt":"2021-01-14T22:44:32","guid":{"rendered":"https:\/\/www.prwrestling.com\/nw\/?p=129465"},"modified":"2021-01-14T17:44:56","modified_gmt":"2021-01-14T22:44:56","slug":"adam-pierce-le-pide-a-roman-reigns-que-cancele-la-lucha-del-rumble","status":"publish","type":"post","link":"https:\/\/www.prwrestling.com\/nw\/adam-pierce-le-pide-a-roman-reigns-que-cancele-la-lucha-del-rumble\/","title":{"rendered":"Adam Pierce le pide a Roman Reigns que cancele su lucha del Rumble"},"content":{"rendered":"<p>El productor de WWE, Adam Pearce, le est\u00e1 pidiendo al Campe\u00f3n Universal Roman Reigns que reconsidere su lucha por el t\u00edtulo en el Royal Rumble el 31 de enero.<!--more--><div id=\"ad-slot\" style=\"min-width: 300px; min-height: 250px;\">\r\n<p style=\"text-align: center;\">\r\n<script async src=\"https:\/\/pagead2.googlesyndication.com\/pagead\/js\/adsbygoogle.js\"><\/script>\r\n<!-- 300x250 sc a -->\r\n<ins class=\"adsbygoogle\"\r\n     style=\"display:inline-block;width:300px;height:250px\"\r\n     data-ad-client=\"ca-pub-1244235910658811\"\r\n     data-ad-slot=\"8592682546\"><\/ins>\r\n<script>\r\n     (adsbygoogle = window.adsbygoogle || []).push({});\r\n<\/script><\/center>\r\n<\/p><\/div><br \/>\nEn SmackDown de la semana pasada, Reigns ayud\u00f3 a Pearce a ganar un Gauntlet Match para convertirse en su nuevo contendiente # 1, y ahora Pearce, en la historia, busca salir de esta situaci\u00f3n.<\/p>\n<p>Pearce emiti\u00f3 un nuevo mensaje en Twitter para intentar que Reigns cancele el encuentro.<\/p>\n<p>\u201cSabes que creo que todo esto es rid\u00edculo. Lo que pas\u00f3 la semana pasada, todo lo que se dijo, me puso en un encuentro contra ti en el Rumble. No estoy del todo seguro de c\u00f3mo lleg\u00f3 a ser esto, pero aqu\u00ed estamos, y aqu\u00ed estamos una vez m\u00e1s conmigo pidi\u00e9ndoles que terminen este juego, terminen esta farsa.<br \/>\n<div id=\"ad-slot\" style=\"min-width: 300px; min-height: 250px;\"><p style=\"text-align: center;\">\r\n<script async src=\"https:\/\/pagead2.googlesyndication.com\/pagead\/js\/adsbygoogle.js\"><\/script>\r\n<!-- Responsive sc c -->\r\n<ins class=\"adsbygoogle\"\r\n     style=\"display:block\"\r\n     data-ad-client=\"ca-pub-1244235910658811\"\r\n     data-ad-slot=\"4234005358\"\r\n     data-ad-format=\"auto\"\r\n     data-full-width-responsive=\"true\"><\/ins>\r\n<script>\r\n     (adsbygoogle = window.adsbygoogle || []).push({});\r\n<\/script><\/p><\/div><br \/>\n\u201cNo se trata de que yo no quiera enfrentarme a ti, se trata del hecho de que ese encuentro no hace nada por ti, no hace nada por el T\u00edtulo Universal y, en realidad, no hace nada por m\u00ed. Tuve mi d\u00eda en el sol y eso es genial, estoy 100% enfocado en el trabajo que tengo hoy, y estoy muy orgulloso de ese trabajo. Parte de ese trabajo es tomar decisiones dif\u00edciles, Roman, y nunca he tenido miedo &#8230; Nunca he tenido miedo, Roman, de ensuciarme las manos, &#8221; dijo.<\/p>\n<p>Puedes ver mas del mensaje abajo:<\/p>\n<blockquote class=\"twitter-tweet\">\n<p dir=\"ltr\" lang=\"en\">Last ditch&#8230; <a href=\"https:\/\/twitter.com\/WWERomanReigns?ref_src=twsrc%5Etfw\" target=\"_blank\" rel=\"noopener\">@WWERomanReigns<\/a> <a href=\"https:\/\/t.co\/u5MML9hKie\">pic.twitter.com\/u5MML9hKie<\/a><\/p>\n<p>\u2014 Adam Pearce (@ScrapDaddyAP) <a href=\"https:\/\/twitter.com\/ScrapDaddyAP\/status\/1349770475900166149?ref_src=twsrc%5Etfw\" target=\"_blank\" rel=\"noopener\">January 14, 2021<\/a><\/p><\/blockquote>\n<p><script async src=\"https:\/\/platform.twitter.com\/widgets.js\" charset=\"utf-8\"><\/script><\/p>\n","protected":false},"excerpt":{"rendered":"<p>El productor de WWE, Adam Pearce, le est\u00e1 pidiendo al Campe\u00f3n Universal Roman Reigns que reconsidere su lucha por el t\u00edtulo en el Royal Rumble el 31 de enero.<\/p>\n","protected":false},"author":1,"featured_media":129466,"comment_status":"open","ping_status":"closed","sticky":false,"template":"","format":"standard","meta":{"footnotes":""},"categories":[5,38],"tags":[6370,9],"class_list":{"0":"post-129465","1":"post","2":"type-post","3":"status-publish","4":"format-standard","5":"has-post-thumbnail","7":"category-noticias","8":"category-noticias-y-rumores-de-la-wwe","9":"tag-adam-pierce","10":"tag-wwe"},"_links":{"self":[{"href":"https:\/\/www.prwrestling.com\/nw\/wp-json\/wp\/v2\/posts\/129465","targetHints":{"allow":["GET"]}}],"collection":[{"href":"https:\/\/www.prwrestling.com\/nw\/wp-json\/wp\/v2\/posts"}],"about":[{"href":"https:\/\/www.prwrestling.com\/nw\/wp-json\/wp\/v2\/types\/post"}],"author":[{"embeddable":true,"href":"https:\/\/www.prwrestling.com\/nw\/wp-json\/wp\/v2\/users\/1"}],"replies":[{"embeddable":true,"href":"https:\/\/www.prwrestling.com\/nw\/wp-json\/wp\/v2\/comments?post=129465"}],"version-history":[{"count":2,"href":"https:\/\/www.prwrestling.com\/nw\/wp-json\/wp\/v2\/posts\/129465\/revisions"}],"predecessor-version":[{"id":129469,"href":"https:\/\/www.prwrestling.com\/nw\/wp-json\/wp\/v2\/posts\/129465\/revisions\/129469"}],"wp:featuredmedia":[{"embeddable":true,"href":"https:\/\/www.prwrestling.com\/nw\/wp-json\/wp\/v2\/media\/129466"}],"wp:attachment":[{"href":"https:\/\/www.prwrestling.com\/nw\/wp-json\/wp\/v2\/media?parent=129465"}],"wp:term":[{"taxonomy":"category","embeddable":true,"href":"https:\/\/www.prwrestling.com\/nw\/wp-json\/wp\/v2\/categories?post=129465"},{"taxonomy":"post_tag","embeddable":true,"href":"https:\/\/www.prwrestling.com\/nw\/wp-json\/wp\/v2\/tags?post=129465"}],"curies":[{"name":"wp","href":"https:\/\/api.w.org\/{rel}","templated":true}]}}