{"id":129475,"date":"2021-01-14T22:52:54","date_gmt":"2021-01-15T03:52:54","guid":{"rendered":"https:\/\/www.prwrestling.com\/nw\/?p=129475"},"modified":"2021-01-14T22:52:54","modified_gmt":"2021-01-15T03:52:54","slug":"wwe-anuncia-firma-de-contrato-en-smackdown","status":"publish","type":"post","link":"https:\/\/www.prwrestling.com\/nw\/wwe-anuncia-firma-de-contrato-en-smackdown\/","title":{"rendered":"WWE anuncia firma de contrato en Smackdown"},"content":{"rendered":"<p>WWE ha anunciado que Adam Pearce y el Campe\u00f3n Universal de WWE Roman Reigns firmar\u00e1n su contrato para la lucha por el t\u00edtulo en Royal Rumble durante el episodio de SmackDown on FOX en la noche del viernes.<!--more--><div id=\"ad-slot\" style=\"min-width: 300px; min-height: 250px;\">\r\n<p style=\"text-align: center;\">\r\n<script async src=\"https:\/\/pagead2.googlesyndication.com\/pagead\/js\/adsbygoogle.js\"><\/script>\r\n<!-- 300x250 sc a -->\r\n<ins class=\"adsbygoogle\"\r\n     style=\"display:inline-block;width:300px;height:250px\"\r\n     data-ad-client=\"ca-pub-1244235910658811\"\r\n     data-ad-slot=\"8592682546\"><\/ins>\r\n<script>\r\n     (adsbygoogle = window.adsbygoogle || []).push({});\r\n<\/script><\/center>\r\n<\/p><\/div><br \/>\nWWE anunci\u00f3 previamente que SmackDown presentar\u00eda un enfrentamiento entre Pearce y Reigns, pero luego se anunci\u00f3 que Reigns ten\u00eda algo especial reservado para el productor de WWE. <\/p>\n<p>Tambi\u00e9n se anunci\u00f3 que Rey Mysterio pelear\u00e1 contra King Corbin.<\/p>\n<p>Shinsuke Nakamura contra Jey Uso hab\u00eda sido previamente anunciada para el programa. <\/p>\n","protected":false},"excerpt":{"rendered":"<p>WWE ha anunciado que Adam Pearce y el Campe\u00f3n Universal de WWE Roman Reigns firmar\u00e1n su contrato para la lucha por el t\u00edtulo en Royal Rumble durante el episodio de SmackDown on FOX en la noche del viernes.<\/p>\n","protected":false},"author":1,"featured_media":129476,"comment_status":"open","ping_status":"closed","sticky":false,"template":"","format":"standard","meta":{"footnotes":""},"categories":[5,38],"tags":[],"class_list":{"0":"post-129475","1":"post","2":"type-post","3":"status-publish","4":"format-standard","5":"has-post-thumbnail","7":"category-noticias","8":"category-noticias-y-rumores-de-la-wwe"},"_links":{"self":[{"href":"https:\/\/www.prwrestling.com\/nw\/wp-json\/wp\/v2\/posts\/129475","targetHints":{"allow":["GET"]}}],"collection":[{"href":"https:\/\/www.prwrestling.com\/nw\/wp-json\/wp\/v2\/posts"}],"about":[{"href":"https:\/\/www.prwrestling.com\/nw\/wp-json\/wp\/v2\/types\/post"}],"author":[{"embeddable":true,"href":"https:\/\/www.prwrestling.com\/nw\/wp-json\/wp\/v2\/users\/1"}],"replies":[{"embeddable":true,"href":"https:\/\/www.prwrestling.com\/nw\/wp-json\/wp\/v2\/comments?post=129475"}],"version-history":[{"count":1,"href":"https:\/\/www.prwrestling.com\/nw\/wp-json\/wp\/v2\/posts\/129475\/revisions"}],"predecessor-version":[{"id":129477,"href":"https:\/\/www.prwrestling.com\/nw\/wp-json\/wp\/v2\/posts\/129475\/revisions\/129477"}],"wp:featuredmedia":[{"embeddable":true,"href":"https:\/\/www.prwrestling.com\/nw\/wp-json\/wp\/v2\/media\/129476"}],"wp:attachment":[{"href":"https:\/\/www.prwrestling.com\/nw\/wp-json\/wp\/v2\/media?parent=129475"}],"wp:term":[{"taxonomy":"category","embeddable":true,"href":"https:\/\/www.prwrestling.com\/nw\/wp-json\/wp\/v2\/categories?post=129475"},{"taxonomy":"post_tag","embeddable":true,"href":"https:\/\/www.prwrestling.com\/nw\/wp-json\/wp\/v2\/tags?post=129475"}],"curies":[{"name":"wp","href":"https:\/\/api.w.org\/{rel}","templated":true}]}}