{"id":129498,"date":"2021-01-16T08:51:28","date_gmt":"2021-01-16T13:51:28","guid":{"rendered":"https:\/\/www.prwrestling.com\/nw\/?p=129498"},"modified":"2021-01-16T08:51:28","modified_gmt":"2021-01-16T13:51:28","slug":"bischoff-no-cree-que-los-combates-cinematograficos-sean-el-futuro","status":"publish","type":"post","link":"https:\/\/www.prwrestling.com\/nw\/bischoff-no-cree-que-los-combates-cinematograficos-sean-el-futuro\/","title":{"rendered":"Bischoff no cree que los combates cinematogr\u00e1ficos sean el futuro"},"content":{"rendered":"<p>Mientras hablaba con Riju Dasgupta, Eric Bischoff mencion\u00f3 su opini\u00f3n sobre los combates cinematogr\u00e1ficos, como el \u201cBoneyard Match\u201d. <!--more--><div id=\"ad-slot\" style=\"min-width: 300px; min-height: 250px;\">\r\n<p style=\"text-align: center;\">\r\n<script async src=\"https:\/\/pagead2.googlesyndication.com\/pagead\/js\/adsbygoogle.js\"><\/script>\r\n<!-- 300x250 sc a -->\r\n<ins class=\"adsbygoogle\"\r\n     style=\"display:inline-block;width:300px;height:250px\"\r\n     data-ad-client=\"ca-pub-1244235910658811\"\r\n     data-ad-slot=\"8592682546\"><\/ins>\r\n<script>\r\n     (adsbygoogle = window.adsbygoogle || []).push({});\r\n<\/script><\/center>\r\n<\/p><\/div><br \/>\nMuchos han dicho que este tipo de combate podr\u00eda ser el futuro de la lucha libre y tiene espacio para celebrarse m\u00e1s a menudo, pero Bischoff no est\u00e1 de acuerdo con eso.<\/p>\n<p>\u201cNo creo que sea el futuro del negocio; Creo que es un componente valioso. Creo que es una atracci\u00f3n especial. Creo que si se hace demasiado, perder\u00e1 algo de su valor para la audiencia cuando todo se convierta en una combinaci\u00f3n de estilo cinematogr\u00e1fico; entonces ya no es especial.<\/p>\n<p>\u201cCreo que si los combates cinematogr\u00e1ficos se presentan como un evento especial, una vez al a\u00f1o o dos veces al a\u00f1o, o en situaciones \u00fanicas impulsadas por la historia, creo que podr\u00eda convertirse en una parte muy valiosa de la presentaci\u00f3n. Pero creo que confiar en eso exclusivamente como presentaci\u00f3n disminuir\u00eda su valor,&#8221; dijo.<br \/>\n<iframe loading=\"lazy\" width=\"663\" height=\"374\" src=\"https:\/\/www.youtube.com\/embed\/AHYmMfOl9YQ\" frameborder=\"0\" allow=\"accelerometer; autoplay; clipboard-write; encrypted-media; gyroscope; picture-in-picture\" allowfullscreen><\/iframe><\/p>\n","protected":false},"excerpt":{"rendered":"<p>Mientras hablaba con Riju Dasgupta, Eric Bischoff mencion\u00f3 su opini\u00f3n sobre los combates cinematogr\u00e1ficos, como el \u201cBoneyard Match\u201d.<\/p>\n","protected":false},"author":1,"featured_media":129499,"comment_status":"open","ping_status":"closed","sticky":false,"template":"","format":"standard","meta":{"footnotes":""},"categories":[5,38],"tags":[1626],"class_list":{"0":"post-129498","1":"post","2":"type-post","3":"status-publish","4":"format-standard","5":"has-post-thumbnail","7":"category-noticias","8":"category-noticias-y-rumores-de-la-wwe","9":"tag-eric-bischoff"},"_links":{"self":[{"href":"https:\/\/www.prwrestling.com\/nw\/wp-json\/wp\/v2\/posts\/129498","targetHints":{"allow":["GET"]}}],"collection":[{"href":"https:\/\/www.prwrestling.com\/nw\/wp-json\/wp\/v2\/posts"}],"about":[{"href":"https:\/\/www.prwrestling.com\/nw\/wp-json\/wp\/v2\/types\/post"}],"author":[{"embeddable":true,"href":"https:\/\/www.prwrestling.com\/nw\/wp-json\/wp\/v2\/users\/1"}],"replies":[{"embeddable":true,"href":"https:\/\/www.prwrestling.com\/nw\/wp-json\/wp\/v2\/comments?post=129498"}],"version-history":[{"count":0,"href":"https:\/\/www.prwrestling.com\/nw\/wp-json\/wp\/v2\/posts\/129498\/revisions"}],"wp:featuredmedia":[{"embeddable":true,"href":"https:\/\/www.prwrestling.com\/nw\/wp-json\/wp\/v2\/media\/129499"}],"wp:attachment":[{"href":"https:\/\/www.prwrestling.com\/nw\/wp-json\/wp\/v2\/media?parent=129498"}],"wp:term":[{"taxonomy":"category","embeddable":true,"href":"https:\/\/www.prwrestling.com\/nw\/wp-json\/wp\/v2\/categories?post=129498"},{"taxonomy":"post_tag","embeddable":true,"href":"https:\/\/www.prwrestling.com\/nw\/wp-json\/wp\/v2\/tags?post=129498"}],"curies":[{"name":"wp","href":"https:\/\/api.w.org\/{rel}","templated":true}]}}