{"id":129510,"date":"2021-01-17T11:28:37","date_gmt":"2021-01-17T16:28:37","guid":{"rendered":"https:\/\/www.prwrestling.com\/nw\/?p=129510"},"modified":"2021-01-17T11:28:37","modified_gmt":"2021-01-17T16:28:37","slug":"mike-bennett-dice-wwe-cambio-su-apellido-para-molestarlo","status":"publish","type":"post","link":"https:\/\/www.prwrestling.com\/nw\/mike-bennett-dice-wwe-cambio-su-apellido-para-molestarlo\/","title":{"rendered":"Mike Bennett dice WWE cambi\u00f3 su apellido para molestarlo"},"content":{"rendered":"<p>Mike Bennett luch\u00f3 en todo el mundo con ese nombre antes de ingresar a la WWE. Luego, la compa\u00f1\u00eda de Vince McMahon le dio el mismo apellido que su esposa.<!--more--><div id=\"ad-slot\" style=\"min-width: 300px; min-height: 250px;\">\r\n<p style=\"text-align: center;\">\r\n<script async src=\"https:\/\/pagead2.googlesyndication.com\/pagead\/js\/adsbygoogle.js\"><\/script>\r\n<!-- 300x250 sc a -->\r\n<ins class=\"adsbygoogle\"\r\n     style=\"display:inline-block;width:300px;height:250px\"\r\n     data-ad-client=\"ca-pub-1244235910658811\"\r\n     data-ad-slot=\"8592682546\"><\/ins>\r\n<script>\r\n     (adsbygoogle = window.adsbygoogle || []).push({});\r\n<\/script><\/center>\r\n<\/p><\/div><br \/>\nBennett, quien desde entonces regres\u00f3 a ROH, habl\u00f3 con Wrestling Epicenter sobre WWE cambiando su nombre y dijo que ha llegado a la conclusi\u00f3n de que probablemente fue un ataque a \u00e9l.<\/p>\n<p>\u201cAl principio, realmente no me molest\u00f3. Lo mir\u00e9 como, &#8216;Est\u00e1 bien, esta va a ser una forma de generar inter\u00e9s o de hacer que la gente se enoje conmigo&#8217;. Como, &#8216;Oh, Dios m\u00edo, si tomas el apellido de tu esposa, eres menos hombre &#8220;Pero al principio no me importaba el nombre Kanellis&#8221;.<br \/>\n<div id=\"ad-slot\" style=\"min-width: 300px; min-height: 250px;\"><p style=\"text-align: center;\">\r\n<script async src=\"https:\/\/pagead2.googlesyndication.com\/pagead\/js\/adsbygoogle.js\"><\/script>\r\n<!-- Responsive sc c -->\r\n<ins class=\"adsbygoogle\"\r\n     style=\"display:block\"\r\n     data-ad-client=\"ca-pub-1244235910658811\"\r\n     data-ad-slot=\"4234005358\"\r\n     data-ad-format=\"auto\"\r\n     data-full-width-responsive=\"true\"><\/ins>\r\n<script>\r\n     (adsbygoogle = window.adsbygoogle || []).push({});\r\n<\/script><\/p><\/div><br \/>\n\u201cA medida que le tiempo pasaba, dir\u00eda que se hizo porque exist\u00eda la percepci\u00f3n de que no era lo suficientemente hombre o que no era lo suficientemente duro porque siempre estaba atado a mi esposa. As\u00ed que, cuando lo repaso, me he dado cuenta de que probablemente fue un ataque a m\u00ed. Pero realmente no me molest\u00f3. Soy un luchador profesional. Uso ropa interior para ganarme la vida [risas]. No me va a molestar si me dice que mi apellido es Kanellis. \u00a1Lo he hecho mucho peor!,&#8221; dijo el luchador.<\/p>\n","protected":false},"excerpt":{"rendered":"<p>Mike Bennett luch\u00f3 en todo el mundo con ese nombre antes de ingresar a la WWE. Luego, la compa\u00f1\u00eda de Vince McMahon le dio el mismo apellido que su esposa.<\/p>\n","protected":false},"author":1,"featured_media":129511,"comment_status":"open","ping_status":"closed","sticky":false,"template":"","format":"standard","meta":{"footnotes":""},"categories":[5,38],"tags":[4204],"class_list":{"0":"post-129510","1":"post","2":"type-post","3":"status-publish","4":"format-standard","5":"has-post-thumbnail","7":"category-noticias","8":"category-noticias-y-rumores-de-la-wwe","9":"tag-mike-kanellis"},"_links":{"self":[{"href":"https:\/\/www.prwrestling.com\/nw\/wp-json\/wp\/v2\/posts\/129510","targetHints":{"allow":["GET"]}}],"collection":[{"href":"https:\/\/www.prwrestling.com\/nw\/wp-json\/wp\/v2\/posts"}],"about":[{"href":"https:\/\/www.prwrestling.com\/nw\/wp-json\/wp\/v2\/types\/post"}],"author":[{"embeddable":true,"href":"https:\/\/www.prwrestling.com\/nw\/wp-json\/wp\/v2\/users\/1"}],"replies":[{"embeddable":true,"href":"https:\/\/www.prwrestling.com\/nw\/wp-json\/wp\/v2\/comments?post=129510"}],"version-history":[{"count":0,"href":"https:\/\/www.prwrestling.com\/nw\/wp-json\/wp\/v2\/posts\/129510\/revisions"}],"wp:featuredmedia":[{"embeddable":true,"href":"https:\/\/www.prwrestling.com\/nw\/wp-json\/wp\/v2\/media\/129511"}],"wp:attachment":[{"href":"https:\/\/www.prwrestling.com\/nw\/wp-json\/wp\/v2\/media?parent=129510"}],"wp:term":[{"taxonomy":"category","embeddable":true,"href":"https:\/\/www.prwrestling.com\/nw\/wp-json\/wp\/v2\/categories?post=129510"},{"taxonomy":"post_tag","embeddable":true,"href":"https:\/\/www.prwrestling.com\/nw\/wp-json\/wp\/v2\/tags?post=129510"}],"curies":[{"name":"wp","href":"https:\/\/api.w.org\/{rel}","templated":true}]}}