{"id":129532,"date":"2021-01-19T17:28:50","date_gmt":"2021-01-19T22:28:50","guid":{"rendered":"https:\/\/www.prwrestling.com\/nw\/?p=129532"},"modified":"2021-01-19T17:28:50","modified_gmt":"2021-01-19T22:28:50","slug":"mercedes-martinez-se-expresa-sobre-su-salida-de-retribution","status":"publish","type":"post","link":"https:\/\/www.prwrestling.com\/nw\/mercedes-martinez-se-expresa-sobre-su-salida-de-retribution\/","title":{"rendered":"Mercedes Mart\u00ednez se expresa sobre su salida de Retribution"},"content":{"rendered":"<p>WWE debut\u00f3 a Retribution con varias f\u00e9minas.<!--more--> Al final, Reckoning fue la \u00fanica que qued\u00f3 luego de que Retaliation abandon\u00f3 el grupo. <div id=\"ad-slot\" style=\"min-width: 300px; min-height: 250px;\">\r\n<p style=\"text-align: center;\">\r\n<script async src=\"https:\/\/pagead2.googlesyndication.com\/pagead\/js\/adsbygoogle.js\"><\/script>\r\n<!-- 300x250 sc a -->\r\n<ins class=\"adsbygoogle\"\r\n     style=\"display:inline-block;width:300px;height:250px\"\r\n     data-ad-client=\"ca-pub-1244235910658811\"\r\n     data-ad-slot=\"8592682546\"><\/ins>\r\n<script>\r\n     (adsbygoogle = window.adsbygoogle || []).push({});\r\n<\/script><\/center>\r\n<\/p><\/div><br \/>\nMercedes Mart\u00ednez estaba detr\u00e1s del personaje de Retaliation, pero dijo que simplemente no este era para ella.<\/p>\n<p>Mientras hablaba recientemente con PW Insider, Mercedes Mart\u00ednez explic\u00f3 por qu\u00e9 decidi\u00f3 salir del grupo de Retribution. <\/p>\n<p>\u201cSe me dio una oportunidad y la aprovech\u00e9 sin saber cu\u00e1l ser\u00eda el resultado\u201d, dijo. &#8220;Tienes que hacer lo mejor con todo lo que puedas, pero creo que cuando lleg\u00f3 esa oportunidad, no era para m\u00ed. Cuando llegas a la cima de tu carrera, como lo hice yo, a los 20 a\u00f1os, quieres aprovechar al m\u00e1ximo tu carrera y convertirla en parte de un legado &#8220;.<\/p>\n<p>&#8220;Creo que al ser parte de ese grupo, no es un hecho oculto que fui yo (quien pidi\u00f3 salir), no oculto el hecho, no lo menciono, s\u00f3lo porque era solo una peque\u00f1a parte de lo que es el panorama general,&#8221; dijo.<\/p>\n<p>Mart\u00ednez dijo que desea lo mejor a todos en el grupo mientras contin\u00faan su paso en Raw.<\/p>\n","protected":false},"excerpt":{"rendered":"<p>WWE debut\u00f3 a Retribution con varias f\u00e9minas.<\/p>\n","protected":false},"author":1,"featured_media":129533,"comment_status":"open","ping_status":"closed","sticky":false,"template":"","format":"standard","meta":{"footnotes":""},"categories":[5,38],"tags":[5928,9],"class_list":{"0":"post-129532","1":"post","2":"type-post","3":"status-publish","4":"format-standard","5":"has-post-thumbnail","7":"category-noticias","8":"category-noticias-y-rumores-de-la-wwe","9":"tag-mercedes-martinez","10":"tag-wwe"},"_links":{"self":[{"href":"https:\/\/www.prwrestling.com\/nw\/wp-json\/wp\/v2\/posts\/129532","targetHints":{"allow":["GET"]}}],"collection":[{"href":"https:\/\/www.prwrestling.com\/nw\/wp-json\/wp\/v2\/posts"}],"about":[{"href":"https:\/\/www.prwrestling.com\/nw\/wp-json\/wp\/v2\/types\/post"}],"author":[{"embeddable":true,"href":"https:\/\/www.prwrestling.com\/nw\/wp-json\/wp\/v2\/users\/1"}],"replies":[{"embeddable":true,"href":"https:\/\/www.prwrestling.com\/nw\/wp-json\/wp\/v2\/comments?post=129532"}],"version-history":[{"count":0,"href":"https:\/\/www.prwrestling.com\/nw\/wp-json\/wp\/v2\/posts\/129532\/revisions"}],"wp:featuredmedia":[{"embeddable":true,"href":"https:\/\/www.prwrestling.com\/nw\/wp-json\/wp\/v2\/media\/129533"}],"wp:attachment":[{"href":"https:\/\/www.prwrestling.com\/nw\/wp-json\/wp\/v2\/media?parent=129532"}],"wp:term":[{"taxonomy":"category","embeddable":true,"href":"https:\/\/www.prwrestling.com\/nw\/wp-json\/wp\/v2\/categories?post=129532"},{"taxonomy":"post_tag","embeddable":true,"href":"https:\/\/www.prwrestling.com\/nw\/wp-json\/wp\/v2\/tags?post=129532"}],"curies":[{"name":"wp","href":"https:\/\/api.w.org\/{rel}","templated":true}]}}