{"id":129571,"date":"2021-01-22T19:48:31","date_gmt":"2021-01-23T00:48:31","guid":{"rendered":"https:\/\/www.prwrestling.com\/nw\/?p=129571"},"modified":"2021-01-22T19:48:31","modified_gmt":"2021-01-23T00:48:31","slug":"drew-mcintyre-regresa-a-accion","status":"publish","type":"post","link":"https:\/\/www.prwrestling.com\/nw\/drew-mcintyre-regresa-a-accion\/","title":{"rendered":"Drew McIntyre regresa a acci\u00f3n"},"content":{"rendered":"<p>El Campe\u00f3n de la WWE Drew McIntyre ha regresado al ring despu\u00e9s de su diagn\u00f3stico positivo de COVID-19.<!--more--><div id=\"ad-slot\" style=\"min-width: 300px; min-height: 250px;\">\r\n<p style=\"text-align: center;\">\r\n<script async src=\"https:\/\/pagead2.googlesyndication.com\/pagead\/js\/adsbygoogle.js\"><\/script>\r\n<!-- 300x250 sc a -->\r\n<ins class=\"adsbygoogle\"\r\n     style=\"display:inline-block;width:300px;height:250px\"\r\n     data-ad-client=\"ca-pub-1244235910658811\"\r\n     data-ad-slot=\"8592682546\"><\/ins>\r\n<script>\r\n     (adsbygoogle = window.adsbygoogle || []).push({});\r\n<\/script><\/center>\r\n<\/p><\/div><br \/>\nHubo cierta preocupaci\u00f3n de que McIntyre no fuera autorizado a tiempo para las grabaciones de WWE Superstar Spectacle de hoy, pero McIntyre regres\u00f3 para el evento estelar.<\/p>\n<p>La lucha vio a McIntyre en equipo con Indus Sher para enfrentarse a Jinder Mahal y The Bollywood Boyz en lo que ser\u00e1 un choque de ex miembros de 3MB. <\/p>\n<p>Superstar Spectacle saldr\u00e1 al aire el pr\u00f3ximo martes a las 9:30 am ET en el WWE Network, y a las 8 pm IST en Sony Ten 1, Sony Ten 3 y Sony MAX en India.<br \/>\n<div id=\"ad-slot\" style=\"min-width: 300px; min-height: 250px;\"><p style=\"text-align: center;\">\r\n<script async src=\"https:\/\/pagead2.googlesyndication.com\/pagead\/js\/adsbygoogle.js\"><\/script>\r\n<!-- Responsive sc c -->\r\n<ins class=\"adsbygoogle\"\r\n     style=\"display:block\"\r\n     data-ad-client=\"ca-pub-1244235910658811\"\r\n     data-ad-slot=\"4234005358\"\r\n     data-ad-format=\"auto\"\r\n     data-full-width-responsive=\"true\"><\/ins>\r\n<script>\r\n     (adsbygoogle = window.adsbygoogle || []).push({});\r\n<\/script><\/p><\/div><br \/>\nMcIntyre ahora har\u00e1 su regreso a RAW en el programa del lunes, para un enfrentamiento con Bill Goldberg. McIntyre y Goldberg luchar\u00e1n por el t\u00edtulo en el Royal Rumble el 31 de enero.<\/p>\n<p>McIntyre pas\u00f3 los \u00faltimos d\u00edas haciendo entrevistas con los medios de comunicaci\u00f3n para WrestleMania 37, y ha dicho que tuvo suerte de no experimentar s\u00edntomas al lidiar con COVID-19.<\/p>\n","protected":false},"excerpt":{"rendered":"<p>El Campe\u00f3n de la WWE Drew McIntyre ha regresado al ring despu\u00e9s de su diagn\u00f3stico positivo de COVID-19.<\/p>\n","protected":false},"author":1,"featured_media":127643,"comment_status":"open","ping_status":"closed","sticky":false,"template":"","format":"standard","meta":{"footnotes":""},"categories":[5,38],"tags":[],"class_list":{"0":"post-129571","1":"post","2":"type-post","3":"status-publish","4":"format-standard","5":"has-post-thumbnail","7":"category-noticias","8":"category-noticias-y-rumores-de-la-wwe"},"_links":{"self":[{"href":"https:\/\/www.prwrestling.com\/nw\/wp-json\/wp\/v2\/posts\/129571","targetHints":{"allow":["GET"]}}],"collection":[{"href":"https:\/\/www.prwrestling.com\/nw\/wp-json\/wp\/v2\/posts"}],"about":[{"href":"https:\/\/www.prwrestling.com\/nw\/wp-json\/wp\/v2\/types\/post"}],"author":[{"embeddable":true,"href":"https:\/\/www.prwrestling.com\/nw\/wp-json\/wp\/v2\/users\/1"}],"replies":[{"embeddable":true,"href":"https:\/\/www.prwrestling.com\/nw\/wp-json\/wp\/v2\/comments?post=129571"}],"version-history":[{"count":1,"href":"https:\/\/www.prwrestling.com\/nw\/wp-json\/wp\/v2\/posts\/129571\/revisions"}],"predecessor-version":[{"id":129572,"href":"https:\/\/www.prwrestling.com\/nw\/wp-json\/wp\/v2\/posts\/129571\/revisions\/129572"}],"wp:featuredmedia":[{"embeddable":true,"href":"https:\/\/www.prwrestling.com\/nw\/wp-json\/wp\/v2\/media\/127643"}],"wp:attachment":[{"href":"https:\/\/www.prwrestling.com\/nw\/wp-json\/wp\/v2\/media?parent=129571"}],"wp:term":[{"taxonomy":"category","embeddable":true,"href":"https:\/\/www.prwrestling.com\/nw\/wp-json\/wp\/v2\/categories?post=129571"},{"taxonomy":"post_tag","embeddable":true,"href":"https:\/\/www.prwrestling.com\/nw\/wp-json\/wp\/v2\/tags?post=129571"}],"curies":[{"name":"wp","href":"https:\/\/api.w.org\/{rel}","templated":true}]}}