{"id":129618,"date":"2021-01-23T14:33:59","date_gmt":"2021-01-23T19:33:59","guid":{"rendered":"https:\/\/www.prwrestling.com\/nw\/?p=129618"},"modified":"2021-01-23T14:34:53","modified_gmt":"2021-01-23T19:34:53","slug":"foto-matt-hardy-tuvo-accidente-automovilistico","status":"publish","type":"post","link":"https:\/\/www.prwrestling.com\/nw\/foto-matt-hardy-tuvo-accidente-automovilistico\/","title":{"rendered":"Foto: Matt Hardy tuvo accidente automovil\u00edstico"},"content":{"rendered":"<p>Matt Hardy mostr\u00f3 una foto de su autom\u00f3vil despu\u00e9s de sufrir un accidente. La estrella de AEW dijo que estaba revisando otro accidente automovil\u00edstico y aparentemente caus\u00f3 uno \u00e9l mismo.<!--more--><div id=\"ad-slot\" style=\"min-width: 300px; min-height: 250px;\">\r\n<p style=\"text-align: center;\">\r\n<script async src=\"https:\/\/pagead2.googlesyndication.com\/pagead\/js\/adsbygoogle.js\"><\/script>\r\n<!-- 300x250 sc a -->\r\n<ins class=\"adsbygoogle\"\r\n     style=\"display:inline-block;width:300px;height:250px\"\r\n     data-ad-client=\"ca-pub-1244235910658811\"\r\n     data-ad-slot=\"8592682546\"><\/ins>\r\n<script>\r\n     (adsbygoogle = window.adsbygoogle || []).push({});\r\n<\/script><\/center>\r\n<\/p><\/div><br \/>\n&#8220;El consejo gratuito de hoy: no te burles de los naufragios o crear\u00e1s otro&#8221;, escribi\u00f3 Hardy. &#8220;Gracias a Dios, soy invencible&#8221;.<\/p>\n<p>Afortunadamente, parece que Hardy est\u00e1 bien y no deber\u00eda perderse ning\u00fan tiempo de AEW.<\/p>\n<blockquote class=\"twitter-tweet\">\n<p lang=\"und\" dir=\"ltr\"><a href=\"https:\/\/t.co\/1FKBUmuoDQ\">pic.twitter.com\/1FKBUmuoDQ<\/a><\/p>\n<p>&mdash; MATT HARDY (@MATTHARDYBRAND) <a href=\"https:\/\/twitter.com\/MATTHARDYBRAND\/status\/1353005829197361154?ref_src=twsrc%5Etfw\" target=\"_blank\" rel=\"noopener\">January 23, 2021<\/a><\/p><\/blockquote>\n<p> <script async src=\"https:\/\/platform.twitter.com\/widgets.js\" charset=\"utf-8\"><\/script><span data-mce-type=\"bookmark\" style=\"display: inline-block; width: 0px; overflow: hidden; line-height: 0;\" class=\"mce_SELRES_start\">\ufeff<\/span><br \/>\n<p><i><span style=\"font-weight: 400;\"><strong>PRWrestling<\/strong> te trae las \u00faltimas <strong><a href=\"https:\/\/www.prwrestling.com\/nw\/noticias-wwe\/\">noticias de WWE<\/a>.<\/strong> Recuerda que tendremos rumores, predicciones y resultados de <a href=\"http:\/\/prwrestling.com\/nw\/tag\/wwe-royal-rumble\" target=\"_blank\" rel=\"noopener\">WWE Royal Rumble 2021<\/a><span style=\"color: #993300;\">,<\/span><\/span> a celebrarse el domingo, 31 de enero.<\/i><\/p><\/p>\n","protected":false},"excerpt":{"rendered":"<p>Matt Hardy mostr\u00f3 una foto de su autom\u00f3vil despu\u00e9s de sufrir un accidente. La estrella de AEW dijo que estaba revisando otro accidente automovil\u00edstico y aparentemente caus\u00f3 uno \u00e9l mismo.<\/p>\n","protected":false},"author":1,"featured_media":120064,"comment_status":"open","ping_status":"closed","sticky":false,"template":"","format":"standard","meta":{"footnotes":""},"categories":[5,1],"tags":[],"class_list":{"0":"post-129618","1":"post","2":"type-post","3":"status-publish","4":"format-standard","5":"has-post-thumbnail","7":"category-noticias","8":"category-all-elite-wrestling"},"_links":{"self":[{"href":"https:\/\/www.prwrestling.com\/nw\/wp-json\/wp\/v2\/posts\/129618","targetHints":{"allow":["GET"]}}],"collection":[{"href":"https:\/\/www.prwrestling.com\/nw\/wp-json\/wp\/v2\/posts"}],"about":[{"href":"https:\/\/www.prwrestling.com\/nw\/wp-json\/wp\/v2\/types\/post"}],"author":[{"embeddable":true,"href":"https:\/\/www.prwrestling.com\/nw\/wp-json\/wp\/v2\/users\/1"}],"replies":[{"embeddable":true,"href":"https:\/\/www.prwrestling.com\/nw\/wp-json\/wp\/v2\/comments?post=129618"}],"version-history":[{"count":2,"href":"https:\/\/www.prwrestling.com\/nw\/wp-json\/wp\/v2\/posts\/129618\/revisions"}],"predecessor-version":[{"id":129621,"href":"https:\/\/www.prwrestling.com\/nw\/wp-json\/wp\/v2\/posts\/129618\/revisions\/129621"}],"wp:featuredmedia":[{"embeddable":true,"href":"https:\/\/www.prwrestling.com\/nw\/wp-json\/wp\/v2\/media\/120064"}],"wp:attachment":[{"href":"https:\/\/www.prwrestling.com\/nw\/wp-json\/wp\/v2\/media?parent=129618"}],"wp:term":[{"taxonomy":"category","embeddable":true,"href":"https:\/\/www.prwrestling.com\/nw\/wp-json\/wp\/v2\/categories?post=129618"},{"taxonomy":"post_tag","embeddable":true,"href":"https:\/\/www.prwrestling.com\/nw\/wp-json\/wp\/v2\/tags?post=129618"}],"curies":[{"name":"wp","href":"https:\/\/api.w.org\/{rel}","templated":true}]}}