{"id":129678,"date":"2021-01-28T11:48:29","date_gmt":"2021-01-28T16:48:29","guid":{"rendered":"https:\/\/www.prwrestling.com\/nw\/?p=129678"},"modified":"2021-01-28T11:48:29","modified_gmt":"2021-01-28T16:48:29","slug":"goldberg-de-acuerdo-con-undertaker-el-negocio-esta-blando","status":"publish","type":"post","link":"https:\/\/www.prwrestling.com\/nw\/goldberg-de-acuerdo-con-undertaker-el-negocio-esta-blando\/","title":{"rendered":"Goldberg de acuerdo con Undertaker: &#8220;el negocio est\u00e1 blando&#8221;"},"content":{"rendered":"<p>El miembro del Sal\u00f3n de la Fama de la WWE, Bill Goldberg, est\u00e1 de acuerdo con la reciente opini\u00f3n de The Undertaker de que los luchadores m\u00e1s j\u00f3venes y el producto actual de la WWE son &#8220;blandos&#8221;.<!--more--><div id=\"ad-slot\" style=\"min-width: 300px; min-height: 250px;\">\r\n<p style=\"text-align: center;\">\r\n<!-- Site name: prwrestling.com\r\nZone name: prwrestling.com_banner_300x250\r\nZone id: 2109741734\r\nType: banner\r\nFormat: 300x250\r\n --> \r\n\r\n<!-- Copy and paste this code on the page. -->\r\n<div id='zone_2109741734' ><\/div>\r\n<script>\r\n    (function(w,d,o,g,r,a,m){\r\n        var cid='zone_2109741734';\r\n        w[r]=w[r]||function(){(w[r+'l']=w[r+'l']||[]).push(arguments)};\r\n        function e(b,w,r){if((w[r+'h']=b.pop())&&!w.ABN){\r\n            var a=d.createElement(o),p=d.getElementsByTagName(o)[0];a.async=1;\r\n            a.src='https:\/\/cdn.'+w[r+'h']+'\/libs\/e.js';a.onerror=function(){e(g,w,r)};\r\n            p.parentNode.insertBefore(a,p)}}e(g,w,r);\r\n        w[r](cid,{id:2109741734,domain:w[r+'h']});\r\n    })(window,document,'script',['traffmovie.com'],'ABNS');\r\n<\/script>\r\n\r\n<!--\r\nWhen setting the zone code, make sure:\r\n  - you have provided all domains from which the area code will be called\r\n  - the site does not limit the loading in the Content Security Policy\r\n  - the area code is installed in the ad space inside the page\r\n  - site layout allows you to display the banner on mobile devices in full size\r\nUse data-cp1={customParam1} data-cp2={customParam2}... attributes for sending custom params\r\n-->\r\n<\/p><\/div><br \/>\nMientras hablaba sobre en After The Bell con Corey Graves, Goldberg profundiz\u00f3 en c\u00f3mo ha cambiado el vestuario y &#8220;no para lo mejor&#8221; en 2021.<\/p>\n<p>\u201cCuando escuchas los comentarios sobre mi regreso y haciendo uno o dos encuentros al a\u00f1o, la gente dice: &#8216;No se lo merece, nunca pag\u00f3 sus cuotas, nunca estuvo de gira y esta gente est\u00e1 de gira&#8217; &#8230; &#8216;Oye, hombre, la gente olvida muy r\u00e1pidamente lo que todos hicimos en el pasado para ganar el lugar en el que estamos ahora, y yo soy uno de los tipos m\u00e1s afortunados del mundo &#8220;.<\/p>\n<p>A\u00f1adi\u00f3: &#8220;Pero, s\u00ed, creo que, comparativamente, el negocio est\u00e1 blando, pero el negocio est\u00e1 en 2021, por lo que las cosas tienen que cambiar y las cosas tienen que ser diferentes&#8221;.<br \/>\n<div id=\"ad-slot\" style=\"min-width: 300px; min-height: 250px;\"><p style=\"text-align: center;\">\r\n<script async src=\"https:\/\/pagead2.googlesyndication.com\/pagead\/js\/adsbygoogle.js\"><\/script>\r\n<!-- Responsive sc c -->\r\n<ins class=\"adsbygoogle\"\r\n     style=\"display:block\"\r\n     data-ad-client=\"ca-pub-1244235910658811\"\r\n     data-ad-slot=\"4234005358\"\r\n     data-ad-format=\"auto\"\r\n     data-full-width-responsive=\"true\"><\/ins>\r\n<script>\r\n     (adsbygoogle = window.adsbygoogle || []).push({});\r\n<\/script><\/p><\/div><br \/>\nGoldberg pas\u00f3 a pedirles a los talentos m\u00e1s j\u00f3venes que desarrollen una piel m\u00e1s gruesa y acepten las cr\u00edticas.<\/p>\n<p>\u201cComo dije, los tiempos son bastante diferentes de lo que eran hoy, pero la gente es blanda, la gente se ofende demasiado r\u00e1pido. Tengan la piel un poco m\u00e1s gruesa, ni\u00f1os y ni\u00f1as, eso es todo lo que puedo decir.<\/p>\n<p>\u201cCuando llegaron las leyendas cuando yo estaba en el negocio, al principio, estaba muy agradecido por los ojos que trajeron a nuestro producto y un d\u00eda esos ni\u00f1os peque\u00f1os ser\u00e1n como yo y espero que el karma vuelva a morder ellos en el c#lo, eso es todo lo que puedo decir. Porque a los 54 a\u00f1os, no conozco a ninguno de ellos que pueda estar haciendo lo que yo hago,&#8221; dijo.<\/p>\n","protected":false},"excerpt":{"rendered":"<p>El miembro del Sal\u00f3n de la Fama de la WWE, Bill Goldberg, est\u00e1 de acuerdo con la reciente opini\u00f3n de The Undertaker de que los luchadores m\u00e1s j\u00f3venes y el producto actual de la WWE son &#8220;blandos&#8221;.<\/p>\n","protected":false},"author":1,"featured_media":12020,"comment_status":"open","ping_status":"closed","sticky":false,"template":"","format":"standard","meta":{"footnotes":""},"categories":[5,38],"tags":[1361,9],"class_list":["post-129678","post","type-post","status-publish","format-standard","has-post-thumbnail","category-noticias","category-noticias-y-rumores-de-la-wwe","tag-goldberg","tag-wwe"],"_links":{"self":[{"href":"https:\/\/www.prwrestling.com\/nw\/wp-json\/wp\/v2\/posts\/129678","targetHints":{"allow":["GET"]}}],"collection":[{"href":"https:\/\/www.prwrestling.com\/nw\/wp-json\/wp\/v2\/posts"}],"about":[{"href":"https:\/\/www.prwrestling.com\/nw\/wp-json\/wp\/v2\/types\/post"}],"author":[{"embeddable":true,"href":"https:\/\/www.prwrestling.com\/nw\/wp-json\/wp\/v2\/users\/1"}],"replies":[{"embeddable":true,"href":"https:\/\/www.prwrestling.com\/nw\/wp-json\/wp\/v2\/comments?post=129678"}],"version-history":[{"count":1,"href":"https:\/\/www.prwrestling.com\/nw\/wp-json\/wp\/v2\/posts\/129678\/revisions"}],"predecessor-version":[{"id":129679,"href":"https:\/\/www.prwrestling.com\/nw\/wp-json\/wp\/v2\/posts\/129678\/revisions\/129679"}],"wp:featuredmedia":[{"embeddable":true,"href":"https:\/\/www.prwrestling.com\/nw\/wp-json\/wp\/v2\/media\/12020"}],"wp:attachment":[{"href":"https:\/\/www.prwrestling.com\/nw\/wp-json\/wp\/v2\/media?parent=129678"}],"wp:term":[{"taxonomy":"category","embeddable":true,"href":"https:\/\/www.prwrestling.com\/nw\/wp-json\/wp\/v2\/categories?post=129678"},{"taxonomy":"post_tag","embeddable":true,"href":"https:\/\/www.prwrestling.com\/nw\/wp-json\/wp\/v2\/tags?post=129678"}],"curies":[{"name":"wp","href":"https:\/\/api.w.org\/{rel}","templated":true}]}}