{"id":129686,"date":"2021-01-28T20:00:22","date_gmt":"2021-01-29T01:00:22","guid":{"rendered":"https:\/\/www.prwrestling.com\/nw\/?p=129686"},"modified":"2021-01-28T20:00:22","modified_gmt":"2021-01-29T01:00:22","slug":"video-trailer-de-wwe-icons-yokozuna","status":"publish","type":"post","link":"https:\/\/www.prwrestling.com\/nw\/video-trailer-de-wwe-icons-yokozuna\/","title":{"rendered":"Video: &#8220;Trailer&#8221; de WWE Icons &#8211; Yokozuna"},"content":{"rendered":"<p>A continuaci\u00f3n se muestra el tr\u00e1iler oficial del episodio de estreno de la serie documental WWE Icons, que contar\u00e1 la historia de Yokozuna.<!--more--><div id=\"ad-slot\" style=\"min-width: 300px; min-height: 250px;\">\r\n<p style=\"text-align: center;\">\r\n<script async src=\"https:\/\/pagead2.googlesyndication.com\/pagead\/js\/adsbygoogle.js\"><\/script>\r\n<!-- 300x250 sc a -->\r\n<ins class=\"adsbygoogle\"\r\n     style=\"display:inline-block;width:300px;height:250px\"\r\n     data-ad-client=\"ca-pub-1244235910658811\"\r\n     data-ad-slot=\"8592682546\"><\/ins>\r\n<script>\r\n     (adsbygoogle = window.adsbygoogle || []).push({});\r\n<\/script><\/center>\r\n<\/p><\/div><br \/>\nEl especial de WWE Network de una hora se estrenar\u00e1 este domingo a las 10 am ET  y el post-show \u201cWWE Icons: Revisited\u201d tambi\u00e9n estar\u00e1 disponible en ese momento. <\/p>\n<p>El episodio principal se reproducir\u00e1 en la transmisi\u00f3n en vivo de WWE Network despu\u00e9s del Royal Rumble.<br \/>\n<iframe loading=\"lazy\" width=\"750\" height=\"422\" src=\"https:\/\/www.youtube.com\/embed\/2e6o86_puYM\" frameborder=\"0\" allow=\"accelerometer; autoplay; clipboard-write; encrypted-media; gyroscope; picture-in-picture\" allowfullscreen><\/iframe><\/p>\n","protected":false},"excerpt":{"rendered":"<p>A continuaci\u00f3n se muestra el tr\u00e1iler oficial del episodio de estreno de la serie documental WWE Icons, que contar\u00e1 la historia de Yokozuna.<\/p>\n","protected":false},"author":3,"featured_media":22293,"comment_status":"open","ping_status":"closed","sticky":false,"template":"","format":"standard","meta":{"footnotes":""},"categories":[5,38],"tags":[],"class_list":{"0":"post-129686","1":"post","2":"type-post","3":"status-publish","4":"format-standard","5":"has-post-thumbnail","7":"category-noticias","8":"category-noticias-y-rumores-de-la-wwe"},"_links":{"self":[{"href":"https:\/\/www.prwrestling.com\/nw\/wp-json\/wp\/v2\/posts\/129686","targetHints":{"allow":["GET"]}}],"collection":[{"href":"https:\/\/www.prwrestling.com\/nw\/wp-json\/wp\/v2\/posts"}],"about":[{"href":"https:\/\/www.prwrestling.com\/nw\/wp-json\/wp\/v2\/types\/post"}],"author":[{"embeddable":true,"href":"https:\/\/www.prwrestling.com\/nw\/wp-json\/wp\/v2\/users\/3"}],"replies":[{"embeddable":true,"href":"https:\/\/www.prwrestling.com\/nw\/wp-json\/wp\/v2\/comments?post=129686"}],"version-history":[{"count":1,"href":"https:\/\/www.prwrestling.com\/nw\/wp-json\/wp\/v2\/posts\/129686\/revisions"}],"predecessor-version":[{"id":129687,"href":"https:\/\/www.prwrestling.com\/nw\/wp-json\/wp\/v2\/posts\/129686\/revisions\/129687"}],"wp:featuredmedia":[{"embeddable":true,"href":"https:\/\/www.prwrestling.com\/nw\/wp-json\/wp\/v2\/media\/22293"}],"wp:attachment":[{"href":"https:\/\/www.prwrestling.com\/nw\/wp-json\/wp\/v2\/media?parent=129686"}],"wp:term":[{"taxonomy":"category","embeddable":true,"href":"https:\/\/www.prwrestling.com\/nw\/wp-json\/wp\/v2\/categories?post=129686"},{"taxonomy":"post_tag","embeddable":true,"href":"https:\/\/www.prwrestling.com\/nw\/wp-json\/wp\/v2\/tags?post=129686"}],"curies":[{"name":"wp","href":"https:\/\/api.w.org\/{rel}","templated":true}]}}