{"id":129719,"date":"2021-01-30T17:05:20","date_gmt":"2021-01-30T22:05:20","guid":{"rendered":"https:\/\/www.prwrestling.com\/nw\/?p=129719"},"modified":"2021-01-30T17:05:20","modified_gmt":"2021-01-30T22:05:20","slug":"mia-yim-anuncia-dio-positivo-al-covid","status":"publish","type":"post","link":"https:\/\/www.prwrestling.com\/nw\/mia-yim-anuncia-dio-positivo-al-covid\/","title":{"rendered":"Mia Yim anuncia dio positivo al COVID"},"content":{"rendered":"<p>Hoy temprano, Mia Yim (tambi\u00e9n conocida como Reckoning) confirm\u00f3 que dio positivo por COVID-19.<!--more--><div id=\"ad-slot\" style=\"min-width: 300px; min-height: 250px;\">\r\n<p style=\"text-align: center;\">\r\n<script async src=\"https:\/\/pagead2.googlesyndication.com\/pagead\/js\/adsbygoogle.js\"><\/script>\r\n<!-- 300x250 sc a -->\r\n<ins class=\"adsbygoogle\"\r\n     style=\"display:inline-block;width:300px;height:250px\"\r\n     data-ad-client=\"ca-pub-1244235910658811\"\r\n     data-ad-slot=\"8592682546\"><\/ins>\r\n<script>\r\n     (adsbygoogle = window.adsbygoogle || []).push({});\r\n<\/script><\/center>\r\n<\/p><\/div><br \/>\nYim fue alertada de un rumor que circulaba esta ma\u00f1ana de que hab\u00eda dado positivo en la prueba, que r\u00e1pidamente rechaz\u00f3 en las redes sociales. La Superestrella de la WWE luego se hizo otra prueba m\u00e1s tarde en el d\u00eda y dio positivo.<\/p>\n<p>&#8220;Esta ma\u00f1ana, alrededor de las 10:30 am, desment\u00ed un rumor que dec\u00eda que era positivo con Covid&#8221;, escribi\u00f3 Yim. \u201cPara eso, debo hacer una declaraci\u00f3n. Me he hecho la prueba cada semana durante varios meses, todos han sido negativos. Fui negativo la semana pasada. Me hice la prueba esta tarde, hace menos de una hora, y me dio positivo. Por favor respeten mi privacidad. Mant\u00e9ngase seguro, l\u00e1vese las manos y use una m\u00e1scara. \u00a1Los veo pronto!&#8221;<\/p>\n<ol>\n<li>Yim estuvo en el RAW del lunes pasado para estar en el ringside para la lucha de Slapjack vs Xavier Woods de RETRIBUTION.<\/li>\n<\/ol>\n","protected":false},"excerpt":{"rendered":"<p>Hoy temprano, Mia Yim (tambi\u00e9n conocida como Reckoning) confirm\u00f3 que dio positivo por COVID-19.<\/p>\n","protected":false},"author":1,"featured_media":127309,"comment_status":"open","ping_status":"closed","sticky":false,"template":"","format":"standard","meta":{"footnotes":""},"categories":[5,38],"tags":[],"class_list":{"0":"post-129719","1":"post","2":"type-post","3":"status-publish","4":"format-standard","5":"has-post-thumbnail","7":"category-noticias","8":"category-noticias-y-rumores-de-la-wwe"},"_links":{"self":[{"href":"https:\/\/www.prwrestling.com\/nw\/wp-json\/wp\/v2\/posts\/129719","targetHints":{"allow":["GET"]}}],"collection":[{"href":"https:\/\/www.prwrestling.com\/nw\/wp-json\/wp\/v2\/posts"}],"about":[{"href":"https:\/\/www.prwrestling.com\/nw\/wp-json\/wp\/v2\/types\/post"}],"author":[{"embeddable":true,"href":"https:\/\/www.prwrestling.com\/nw\/wp-json\/wp\/v2\/users\/1"}],"replies":[{"embeddable":true,"href":"https:\/\/www.prwrestling.com\/nw\/wp-json\/wp\/v2\/comments?post=129719"}],"version-history":[{"count":1,"href":"https:\/\/www.prwrestling.com\/nw\/wp-json\/wp\/v2\/posts\/129719\/revisions"}],"predecessor-version":[{"id":129720,"href":"https:\/\/www.prwrestling.com\/nw\/wp-json\/wp\/v2\/posts\/129719\/revisions\/129720"}],"wp:featuredmedia":[{"embeddable":true,"href":"https:\/\/www.prwrestling.com\/nw\/wp-json\/wp\/v2\/media\/127309"}],"wp:attachment":[{"href":"https:\/\/www.prwrestling.com\/nw\/wp-json\/wp\/v2\/media?parent=129719"}],"wp:term":[{"taxonomy":"category","embeddable":true,"href":"https:\/\/www.prwrestling.com\/nw\/wp-json\/wp\/v2\/categories?post=129719"},{"taxonomy":"post_tag","embeddable":true,"href":"https:\/\/www.prwrestling.com\/nw\/wp-json\/wp\/v2\/tags?post=129719"}],"curies":[{"name":"wp","href":"https:\/\/api.w.org\/{rel}","templated":true}]}}