{"id":129754,"date":"2021-02-01T15:30:23","date_gmt":"2021-02-01T20:30:23","guid":{"rendered":"https:\/\/www.prwrestling.com\/nw\/?p=129754"},"modified":"2021-02-01T15:30:23","modified_gmt":"2021-02-01T20:30:23","slug":"john-cena-dice-no-podra-estar-en-wrestlemania-este-ano","status":"publish","type":"post","link":"https:\/\/www.prwrestling.com\/nw\/john-cena-dice-no-podra-estar-en-wrestlemania-este-ano\/","title":{"rendered":"John Cena dice no podr\u00e1 estar en WrestleMania este a\u00f1o"},"content":{"rendered":"<p>John Cena dice que no estar\u00e1 en WrestleMania 37.<!--more--><div id=\"ad-slot\" style=\"min-width: 300px; min-height: 250px;\">\r\n<p style=\"text-align: center;\">\r\n<script async src=\"https:\/\/pagead2.googlesyndication.com\/pagead\/js\/adsbygoogle.js\"><\/script>\r\n<!-- 300x250 sc a -->\r\n<ins class=\"adsbygoogle\"\r\n     style=\"display:inline-block;width:300px;height:250px\"\r\n     data-ad-client=\"ca-pub-1244235910658811\"\r\n     data-ad-slot=\"8592682546\"><\/ins>\r\n<script>\r\n     (adsbygoogle = window.adsbygoogle || []).push({});\r\n<\/script><\/center>\r\n<\/p><\/div><br \/>\nCena acaba de hablar con Justin Barrasso de Sports Illustrated para promover su nueva campa\u00f1a Mountain Dew, y al ser preguntado dijo que no puede participar en WrestleMania por primera vez desde WrestleMania 19 en 2003.<\/p>\n<p>&#8220;Actualmente, estoy en Vancouver filmando Peacemaker, la serie de HBO Max&#8221;, dijo Cena. \u201cDadas las regulaciones de cuarentena, si tuviera que irme de Canad\u00e1, al regresar tendr\u00eda que estar en cuarentena por otras dos semanas. B\u00e1sicamente, eso cerrar\u00eda la producci\u00f3n. Estrictamente basado en la letra de la ley en este momento, no hay forma log\u00edca de que pueda estar all\u00ed. Filmamos ahora hasta julio &#8220;.<br \/>\n<div id=\"ad-slot\" style=\"min-width: 300px; min-height: 250px;\"><p style=\"text-align: center;\">\r\n<script async src=\"https:\/\/pagead2.googlesyndication.com\/pagead\/js\/adsbygoogle.js\"><\/script>\r\n<!-- Responsive sc c -->\r\n<ins class=\"adsbygoogle\"\r\n     style=\"display:block\"\r\n     data-ad-client=\"ca-pub-1244235910658811\"\r\n     data-ad-slot=\"4234005358\"\r\n     data-ad-format=\"auto\"\r\n     data-full-width-responsive=\"true\"><\/ins>\r\n<script>\r\n     (adsbygoogle = window.adsbygoogle || []).push({});\r\n<\/script><\/p><\/div><br \/>\nCena se ri\u00f3 de la idea de que ahora est\u00e1 entre el grupo de superestrellas de la WWE a tiempo parcial que regresan para los shows m\u00e1s importantes del a\u00f1o.<\/p>\n<p>&#8220;Qu\u00e9 situaci\u00f3n tan hip\u00f3crita&#8221;, dijo Cena, riendo. \u201cSol\u00eda \u200b\u200bser muy abierto sobre el hecho de que los trabajadores a tiempo parcial eran solo eso, y aqu\u00ed estoy a los 44 a\u00f1os y me he convertido en lo que desprecio, como dicen. Eso es lo que es,&#8221; dijo.<\/p>\n","protected":false},"excerpt":{"rendered":"<p>John Cena dice que no estar\u00e1 en WrestleMania 37.<\/p>\n","protected":false},"author":1,"featured_media":0,"comment_status":"open","ping_status":"closed","sticky":false,"template":"","format":"standard","meta":{"footnotes":""},"categories":[5,38],"tags":[1504,9],"class_list":{"0":"post-129754","1":"post","2":"type-post","3":"status-publish","4":"format-standard","6":"category-noticias","7":"category-noticias-y-rumores-de-la-wwe","8":"tag-john-cena","9":"tag-wwe"},"_links":{"self":[{"href":"https:\/\/www.prwrestling.com\/nw\/wp-json\/wp\/v2\/posts\/129754","targetHints":{"allow":["GET"]}}],"collection":[{"href":"https:\/\/www.prwrestling.com\/nw\/wp-json\/wp\/v2\/posts"}],"about":[{"href":"https:\/\/www.prwrestling.com\/nw\/wp-json\/wp\/v2\/types\/post"}],"author":[{"embeddable":true,"href":"https:\/\/www.prwrestling.com\/nw\/wp-json\/wp\/v2\/users\/1"}],"replies":[{"embeddable":true,"href":"https:\/\/www.prwrestling.com\/nw\/wp-json\/wp\/v2\/comments?post=129754"}],"version-history":[{"count":0,"href":"https:\/\/www.prwrestling.com\/nw\/wp-json\/wp\/v2\/posts\/129754\/revisions"}],"wp:attachment":[{"href":"https:\/\/www.prwrestling.com\/nw\/wp-json\/wp\/v2\/media?parent=129754"}],"wp:term":[{"taxonomy":"category","embeddable":true,"href":"https:\/\/www.prwrestling.com\/nw\/wp-json\/wp\/v2\/categories?post=129754"},{"taxonomy":"post_tag","embeddable":true,"href":"https:\/\/www.prwrestling.com\/nw\/wp-json\/wp\/v2\/tags?post=129754"}],"curies":[{"name":"wp","href":"https:\/\/api.w.org\/{rel}","templated":true}]}}