{"id":129762,"date":"2021-02-02T07:59:43","date_gmt":"2021-02-02T12:59:43","guid":{"rendered":"https:\/\/www.prwrestling.com\/nw\/?p=129762"},"modified":"2021-02-02T07:59:43","modified_gmt":"2021-02-02T12:59:43","slug":"mas-notas-del-rumble-talentos-ausentes-adiciones-a-ultimo-minuto","status":"publish","type":"post","link":"https:\/\/www.prwrestling.com\/nw\/mas-notas-del-rumble-talentos-ausentes-adiciones-a-ultimo-minuto\/","title":{"rendered":"M\u00e1s notas del Rumble: Talentos ausentes; adiciones a \u00faltimo minuto"},"content":{"rendered":"<p>Hoy dentro de Wrestling Observer Radio, Dave Meltzer habl\u00f3 sobre algunos participantes del Royal Rumble, y otros que estaban en planes de ver acci\u00f3n en la batalla campal y no aparecieron.<!--more--><div id=\"ad-slot\" style=\"min-width: 300px; min-height: 250px;\">\r\n<p style=\"text-align: center;\">\r\n<script async src=\"https:\/\/pagead2.googlesyndication.com\/pagead\/js\/adsbygoogle.js\"><\/script>\r\n<!-- 300x250 sc a -->\r\n<ins class=\"adsbygoogle\"\r\n     style=\"display:inline-block;width:300px;height:250px\"\r\n     data-ad-client=\"ca-pub-1244235910658811\"\r\n     data-ad-slot=\"8592682546\"><\/ins>\r\n<script>\r\n     (adsbygoogle = window.adsbygoogle || []).push({});\r\n<\/script><\/center>\r\n<\/p><\/div><br \/>\nJey Uso, quien hab\u00eda anunciado en Smackdown que estar\u00eda en el Rumble, tiene un asunto m\u00e9dico que no permiti\u00f3 que pudiera participar.<\/p>\n<p>Angel Garza era otro que estaba en planes, pero fue removido a \u00faltimo minuto.<\/p>\n<p>Otis fue a\u00f1adido tarde ya que no estaba en planes de ser parte de la pelea.<\/p>\n<p>En cuanto al regreso de Christian, el luchador ha sido aprobado para luchar regularmente y se espera que est\u00e9 en acci\u00f3n sin limitaciones desde este punto en adelante.<\/p>\n","protected":false},"excerpt":{"rendered":"<p>Hoy dentro de Wrestling Observer Radio, Dave Meltzer habl\u00f3 sobre algunos participantes del Royal Rumble, y otros que estaban en planes de ver acci\u00f3n en la batalla campal y no aparecieron.<\/p>\n","protected":false},"author":1,"featured_media":129763,"comment_status":"open","ping_status":"closed","sticky":false,"template":"","format":"standard","meta":{"footnotes":""},"categories":[5,38],"tags":[9],"class_list":{"0":"post-129762","1":"post","2":"type-post","3":"status-publish","4":"format-standard","5":"has-post-thumbnail","7":"category-noticias","8":"category-noticias-y-rumores-de-la-wwe","9":"tag-wwe"},"_links":{"self":[{"href":"https:\/\/www.prwrestling.com\/nw\/wp-json\/wp\/v2\/posts\/129762","targetHints":{"allow":["GET"]}}],"collection":[{"href":"https:\/\/www.prwrestling.com\/nw\/wp-json\/wp\/v2\/posts"}],"about":[{"href":"https:\/\/www.prwrestling.com\/nw\/wp-json\/wp\/v2\/types\/post"}],"author":[{"embeddable":true,"href":"https:\/\/www.prwrestling.com\/nw\/wp-json\/wp\/v2\/users\/1"}],"replies":[{"embeddable":true,"href":"https:\/\/www.prwrestling.com\/nw\/wp-json\/wp\/v2\/comments?post=129762"}],"version-history":[{"count":0,"href":"https:\/\/www.prwrestling.com\/nw\/wp-json\/wp\/v2\/posts\/129762\/revisions"}],"wp:featuredmedia":[{"embeddable":true,"href":"https:\/\/www.prwrestling.com\/nw\/wp-json\/wp\/v2\/media\/129763"}],"wp:attachment":[{"href":"https:\/\/www.prwrestling.com\/nw\/wp-json\/wp\/v2\/media?parent=129762"}],"wp:term":[{"taxonomy":"category","embeddable":true,"href":"https:\/\/www.prwrestling.com\/nw\/wp-json\/wp\/v2\/categories?post=129762"},{"taxonomy":"post_tag","embeddable":true,"href":"https:\/\/www.prwrestling.com\/nw\/wp-json\/wp\/v2\/tags?post=129762"}],"curies":[{"name":"wp","href":"https:\/\/api.w.org\/{rel}","templated":true}]}}