{"id":129778,"date":"2021-02-02T17:53:38","date_gmt":"2021-02-02T22:53:38","guid":{"rendered":"https:\/\/www.prwrestling.com\/nw\/?p=129778"},"modified":"2021-02-02T17:53:38","modified_gmt":"2021-02-02T22:53:38","slug":"lars-sullivan-fuera-de-wwe","status":"publish","type":"post","link":"https:\/\/www.prwrestling.com\/nw\/lars-sullivan-fuera-de-wwe\/","title":{"rendered":"Lars Sullivan fuera de WWE"},"content":{"rendered":"<p>Seg\u00fan los informes, Lars Sullivan se ha ido de la WWE.<!--more--><div id=\"ad-slot\" style=\"min-width: 300px; min-height: 250px;\">\r\n<p style=\"text-align: center;\">\r\n<script async src=\"https:\/\/pagead2.googlesyndication.com\/pagead\/js\/adsbygoogle.js\"><\/script>\r\n<!-- 300x250 sc a -->\r\n<ins class=\"adsbygoogle\"\r\n     style=\"display:inline-block;width:300px;height:250px\"\r\n     data-ad-client=\"ca-pub-1244235910658811\"\r\n     data-ad-slot=\"8592682546\"><\/ins>\r\n<script>\r\n     (adsbygoogle = window.adsbygoogle || []).push({});\r\n<\/script><\/center>\r\n<\/p><\/div><br \/>\nLars fue liberado silenciosamente en alg\u00fan momento de enero, seg\u00fan PWInsider. Si bien Lars todav\u00eda figura en la lista oficial de luchadores de SmackDown al momento de escribir este art\u00edculo, el informe se\u00f1al\u00f3 que los funcionarios de la WWE confirmaron la partida hoy.<\/p>\n<p>Sullivan firm\u00f3 originalmente en 2013 e hizo su debut en NXT en mayo de 2017. Su debut en el roster principal se produjo en enero de 2019, pero luego pas\u00f3 un tiempo fuera de la compa\u00f1\u00eda debido a problemas personales.<br \/>\n<div id=\"ad-slot\" style=\"min-width: 300px; min-height: 250px;\"><p style=\"text-align: center;\">\r\n<script async src=\"https:\/\/pagead2.googlesyndication.com\/pagead\/js\/adsbygoogle.js\"><\/script>\r\n<!-- Responsive sc c -->\r\n<ins class=\"adsbygoogle\"\r\n     style=\"display:block\"\r\n     data-ad-client=\"ca-pub-1244235910658811\"\r\n     data-ad-slot=\"4234005358\"\r\n     data-ad-format=\"auto\"\r\n     data-full-width-responsive=\"true\"><\/ins>\r\n<script>\r\n     (adsbygoogle = window.adsbygoogle || []).push({});\r\n<\/script><\/p><\/div><br \/>\nLuego sufri\u00f3 una lesi\u00f3n en la rodilla en junio de 2019 y estuvo en el estante hasta octubre pasado cuando regres\u00f3 a la acci\u00f3n para la marca SmackDown.<\/p>\n<p>El \u00faltimo combate de Sullivan fue el 23 de octubre en SmackDown, cuando derrot\u00f3 a Chad Gable. Derrot\u00f3 a Jeff Hardy la semana anterior, que fue su lucha de regreso. WWE comenz\u00f3 a transmitir vi\u00f1etas y entrevistas con Lars a fines de octubre y noviembre, pero nunca sali\u00f3 nada de estas.<\/p>\n","protected":false},"excerpt":{"rendered":"<p>Seg\u00fan los informes, Lars Sullivan se ha ido de la WWE.<\/p>\n","protected":false},"author":1,"featured_media":119955,"comment_status":"open","ping_status":"closed","sticky":false,"template":"","format":"standard","meta":{"footnotes":""},"categories":[5,38],"tags":[1362,9],"class_list":{"0":"post-129778","1":"post","2":"type-post","3":"status-publish","4":"format-standard","5":"has-post-thumbnail","7":"category-noticias","8":"category-noticias-y-rumores-de-la-wwe","9":"tag-lars-sullivan","10":"tag-wwe"},"_links":{"self":[{"href":"https:\/\/www.prwrestling.com\/nw\/wp-json\/wp\/v2\/posts\/129778","targetHints":{"allow":["GET"]}}],"collection":[{"href":"https:\/\/www.prwrestling.com\/nw\/wp-json\/wp\/v2\/posts"}],"about":[{"href":"https:\/\/www.prwrestling.com\/nw\/wp-json\/wp\/v2\/types\/post"}],"author":[{"embeddable":true,"href":"https:\/\/www.prwrestling.com\/nw\/wp-json\/wp\/v2\/users\/1"}],"replies":[{"embeddable":true,"href":"https:\/\/www.prwrestling.com\/nw\/wp-json\/wp\/v2\/comments?post=129778"}],"version-history":[{"count":1,"href":"https:\/\/www.prwrestling.com\/nw\/wp-json\/wp\/v2\/posts\/129778\/revisions"}],"predecessor-version":[{"id":129779,"href":"https:\/\/www.prwrestling.com\/nw\/wp-json\/wp\/v2\/posts\/129778\/revisions\/129779"}],"wp:featuredmedia":[{"embeddable":true,"href":"https:\/\/www.prwrestling.com\/nw\/wp-json\/wp\/v2\/media\/119955"}],"wp:attachment":[{"href":"https:\/\/www.prwrestling.com\/nw\/wp-json\/wp\/v2\/media?parent=129778"}],"wp:term":[{"taxonomy":"category","embeddable":true,"href":"https:\/\/www.prwrestling.com\/nw\/wp-json\/wp\/v2\/categories?post=129778"},{"taxonomy":"post_tag","embeddable":true,"href":"https:\/\/www.prwrestling.com\/nw\/wp-json\/wp\/v2\/tags?post=129778"}],"curies":[{"name":"wp","href":"https:\/\/api.w.org\/{rel}","templated":true}]}}