{"id":129801,"date":"2021-02-04T11:56:11","date_gmt":"2021-02-04T16:56:11","guid":{"rendered":"https:\/\/www.prwrestling.com\/nw\/?p=129801"},"modified":"2021-02-04T11:56:11","modified_gmt":"2021-02-04T16:56:11","slug":"karrion-kross-podria-subir-al-roster-principal-pronto","status":"publish","type":"post","link":"https:\/\/www.prwrestling.com\/nw\/karrion-kross-podria-subir-al-roster-principal-pronto\/","title":{"rendered":"Karrion Kross podr\u00eda subir al roster principal pronto"},"content":{"rendered":"<p>Durante Wrestling Observer Radio, Dave Meltzer discuti\u00f3 la situaci\u00f3n de Karrion Kross desde que regres\u00f3 a NXT. <!--more--><div id=\"ad-slot\" style=\"min-width: 300px; min-height: 250px;\">\r\n<p style=\"text-align: center;\">\r\n<script async src=\"https:\/\/pagead2.googlesyndication.com\/pagead\/js\/adsbygoogle.js\"><\/script>\r\n<!-- 300x250 sc a -->\r\n<ins class=\"adsbygoogle\"\r\n     style=\"display:inline-block;width:300px;height:250px\"\r\n     data-ad-client=\"ca-pub-1244235910658811\"\r\n     data-ad-slot=\"8592682546\"><\/ins>\r\n<script>\r\n     (adsbygoogle = window.adsbygoogle || []).push({});\r\n<\/script><\/center>\r\n<\/p><\/div><br \/>\nTodo luce que el ex campe\u00f3n de la marca amarilla y negra esta a punto de subir al roster principal de la WWE.<\/p>\n<p>\u201cKarrion Kross est\u00e1 siendo preparado para el roster principal. Roderick Strong, que puede trabajar en c\u00edrculos alrededor de Karrion Kross, podr\u00eda nunca estar en el roster principal. As\u00ed es como es. No pueden esperar para tener a Karrion Kross en el roster principal. Tiene que superar todo lo que est\u00e1 pasando [en NXT] para llegar all\u00ed, pero est\u00e1 en la v\u00eda r\u00e1pida para eso,&#8221; dijo Meltzer.<\/p>\n<p>De hecho, WWE pudo haber sembrado una semilla para una ri\u00f1a futura de Kross anoche en NXT.<br \/>\n<div id=\"ad-slot\" style=\"min-width: 300px; min-height: 250px;\"><p style=\"text-align: center;\">\r\n<script async src=\"https:\/\/pagead2.googlesyndication.com\/pagead\/js\/adsbygoogle.js\"><\/script>\r\n<!-- Responsive sc c -->\r\n<ins class=\"adsbygoogle\"\r\n     style=\"display:block\"\r\n     data-ad-client=\"ca-pub-1244235910658811\"\r\n     data-ad-slot=\"4234005358\"\r\n     data-ad-format=\"auto\"\r\n     data-full-width-responsive=\"true\"><\/ins>\r\n<script>\r\n     (adsbygoogle = window.adsbygoogle || []).push({});\r\n<\/script><\/p><\/div><br \/>\nLuego de hacer su aparici\u00f3n en el programa, Edge y Kross compartieron un momento bastante intenso antes de tomar caminos separados. Esto fue sin duda un adelanto de algo que podr\u00eda llegar m\u00e1s adelante.<\/p>\n<p>Karrion Kross tuite\u00f3 luego diciendo: &#8220;Cualquier cosa puede pasar&#8221;.<br \/>\n<iframe loading=\"lazy\" src=\"https:\/\/www.youtube.com\/embed\/2SkfY_FBUXY\" width=\"663\" height=\"373\" frameborder=\"0\" allowfullscreen=\"allowfullscreen\"><\/iframe><\/p>\n","protected":false},"excerpt":{"rendered":"<p>Durante Wrestling Observer Radio, Dave Meltzer discuti\u00f3 la situaci\u00f3n de Karrion Kross desde que regres\u00f3 a NXT.<\/p>\n","protected":false},"author":3,"featured_media":129802,"comment_status":"open","ping_status":"closed","sticky":false,"template":"","format":"standard","meta":{"footnotes":""},"categories":[5,38],"tags":[6164,9],"class_list":{"0":"post-129801","1":"post","2":"type-post","3":"status-publish","4":"format-standard","5":"has-post-thumbnail","7":"category-noticias","8":"category-noticias-y-rumores-de-la-wwe","9":"tag-karrion-kross","10":"tag-wwe"},"_links":{"self":[{"href":"https:\/\/www.prwrestling.com\/nw\/wp-json\/wp\/v2\/posts\/129801","targetHints":{"allow":["GET"]}}],"collection":[{"href":"https:\/\/www.prwrestling.com\/nw\/wp-json\/wp\/v2\/posts"}],"about":[{"href":"https:\/\/www.prwrestling.com\/nw\/wp-json\/wp\/v2\/types\/post"}],"author":[{"embeddable":true,"href":"https:\/\/www.prwrestling.com\/nw\/wp-json\/wp\/v2\/users\/3"}],"replies":[{"embeddable":true,"href":"https:\/\/www.prwrestling.com\/nw\/wp-json\/wp\/v2\/comments?post=129801"}],"version-history":[{"count":0,"href":"https:\/\/www.prwrestling.com\/nw\/wp-json\/wp\/v2\/posts\/129801\/revisions"}],"wp:featuredmedia":[{"embeddable":true,"href":"https:\/\/www.prwrestling.com\/nw\/wp-json\/wp\/v2\/media\/129802"}],"wp:attachment":[{"href":"https:\/\/www.prwrestling.com\/nw\/wp-json\/wp\/v2\/media?parent=129801"}],"wp:term":[{"taxonomy":"category","embeddable":true,"href":"https:\/\/www.prwrestling.com\/nw\/wp-json\/wp\/v2\/categories?post=129801"},{"taxonomy":"post_tag","embeddable":true,"href":"https:\/\/www.prwrestling.com\/nw\/wp-json\/wp\/v2\/tags?post=129801"}],"curies":[{"name":"wp","href":"https:\/\/api.w.org\/{rel}","templated":true}]}}