{"id":129883,"date":"2021-02-10T07:39:48","date_gmt":"2021-02-10T12:39:48","guid":{"rendered":"https:\/\/www.prwrestling.com\/nw\/?p=129883"},"modified":"2021-02-10T07:39:48","modified_gmt":"2021-02-10T12:39:48","slug":"tyson-kidd-explica-por-que-vince-no-le-permite-regresar-al-ring","status":"publish","type":"post","link":"https:\/\/www.prwrestling.com\/nw\/tyson-kidd-explica-por-que-vince-no-le-permite-regresar-al-ring\/","title":{"rendered":"Tyson Kidd explica por qu\u00e9 Vince no le permite regresar al ring"},"content":{"rendered":"<p>Durante su entrevista con Chris Van Vliet, Tyson Kidd habl\u00f3 sobre la lesi\u00f3n que termin\u00f3 su carrera en el ring.<!--more--><div id=\"ad-slot\" style=\"min-width: 300px; min-height: 250px;\">\r\n<p style=\"text-align: center;\">\r\n<script async src=\"https:\/\/pagead2.googlesyndication.com\/pagead\/js\/adsbygoogle.js\"><\/script>\r\n<!-- 300x250 sc a -->\r\n<ins class=\"adsbygoogle\"\r\n     style=\"display:inline-block;width:300px;height:250px\"\r\n     data-ad-client=\"ca-pub-1244235910658811\"\r\n     data-ad-slot=\"8592682546\"><\/ins>\r\n<script>\r\n     (adsbygoogle = window.adsbygoogle || []).push({});\r\n<\/script><\/center>\r\n<\/p><\/div><br \/>\nEl ex luchador luego revel\u00f3 que tras sentirse recuperado, pero no autorizado para luchar a tiempo completo, quiso regresar en un Royal Rumble hasta que Vince McMahon finalmente rechaz\u00f3 la idea. <\/p>\n<p>\u201cLa verdad es que no volver\u00e9 a luchar. Intent\u00e9 hacer un Royal Rumble y lo pens\u00e9 mucho, pero fue rechazado. No estoy enojado con eso. Es un poco gracioso la forma en que Vince lo expuso. \u00c9l es como \u2018si pudi\u00e9ramos controlar todo lo que podamos en nuestro poder, pero \u00bfy si pasa algo? \u00bfQu\u00e9 pasa si sucede algo que no podemos controlar?\u2019\u201d<br \/>\n<div id=\"ad-slot\" style=\"min-width: 300px; min-height: 250px;\"><p style=\"text-align: center;\">\r\n<script async src=\"https:\/\/pagead2.googlesyndication.com\/pagead\/js\/adsbygoogle.js\"><\/script>\r\n<!-- Responsive sc c -->\r\n<ins class=\"adsbygoogle\"\r\n     style=\"display:block\"\r\n     data-ad-client=\"ca-pub-1244235910658811\"\r\n     data-ad-slot=\"4234005358\"\r\n     data-ad-format=\"auto\"\r\n     data-full-width-responsive=\"true\"><\/ins>\r\n<script>\r\n     (adsbygoogle = window.adsbygoogle || []).push({});\r\n<\/script><\/p><\/div><br \/>\n\u201cNo dije esto, pero mi mente pens\u00f3 si alguien salta la barandilla y me empuja por detr\u00e1s mientras estaba en los escalones o algo as\u00ed. Ah\u00ed es donde fue mi mente. Luego avanzas r\u00e1pidamente tres meses despu\u00e9s de que Vince y yo tuvimos esta llamada telef\u00f3nica: ese tipo se se lanza sobre Bret en la ceremonia del Sal\u00f3n de la Fama. Era como si tuviera esta visi\u00f3n y me derribaran. Tan pronto como vi eso, pens\u00e9 que esto era exactamente lo que pas\u00f3 en mi mente. No s\u00e9 si esto era de lo que Vince estaba hablando, pero esto es lo que interpret\u00e9 en mi mente,\u201d dijo.<br \/>\n<iframe loading=\"lazy\" width=\"682\" height=\"563\" src=\"https:\/\/www.youtube.com\/embed\/qpVxiUW-Fbs\" frameborder=\"0\" allow=\"accelerometer; autoplay; clipboard-write; encrypted-media; gyroscope; picture-in-picture\" allowfullscreen><\/iframe><\/p>\n","protected":false},"excerpt":{"rendered":"<p>Durante su entrevista con Chris Van Vliet, Tyson Kidd habl\u00f3 sobre la lesi\u00f3n que termin\u00f3 su carrera en el ring.<\/p>\n","protected":false},"author":1,"featured_media":4084,"comment_status":"open","ping_status":"closed","sticky":false,"template":"","format":"standard","meta":{"footnotes":""},"categories":[5,38],"tags":[6277,9],"class_list":{"0":"post-129883","1":"post","2":"type-post","3":"status-publish","4":"format-standard","5":"has-post-thumbnail","7":"category-noticias","8":"category-noticias-y-rumores-de-la-wwe","9":"tag-tyson-kidd","10":"tag-wwe"},"_links":{"self":[{"href":"https:\/\/www.prwrestling.com\/nw\/wp-json\/wp\/v2\/posts\/129883","targetHints":{"allow":["GET"]}}],"collection":[{"href":"https:\/\/www.prwrestling.com\/nw\/wp-json\/wp\/v2\/posts"}],"about":[{"href":"https:\/\/www.prwrestling.com\/nw\/wp-json\/wp\/v2\/types\/post"}],"author":[{"embeddable":true,"href":"https:\/\/www.prwrestling.com\/nw\/wp-json\/wp\/v2\/users\/1"}],"replies":[{"embeddable":true,"href":"https:\/\/www.prwrestling.com\/nw\/wp-json\/wp\/v2\/comments?post=129883"}],"version-history":[{"count":1,"href":"https:\/\/www.prwrestling.com\/nw\/wp-json\/wp\/v2\/posts\/129883\/revisions"}],"predecessor-version":[{"id":129884,"href":"https:\/\/www.prwrestling.com\/nw\/wp-json\/wp\/v2\/posts\/129883\/revisions\/129884"}],"wp:featuredmedia":[{"embeddable":true,"href":"https:\/\/www.prwrestling.com\/nw\/wp-json\/wp\/v2\/media\/4084"}],"wp:attachment":[{"href":"https:\/\/www.prwrestling.com\/nw\/wp-json\/wp\/v2\/media?parent=129883"}],"wp:term":[{"taxonomy":"category","embeddable":true,"href":"https:\/\/www.prwrestling.com\/nw\/wp-json\/wp\/v2\/categories?post=129883"},{"taxonomy":"post_tag","embeddable":true,"href":"https:\/\/www.prwrestling.com\/nw\/wp-json\/wp\/v2\/tags?post=129883"}],"curies":[{"name":"wp","href":"https:\/\/api.w.org\/{rel}","templated":true}]}}