{"id":129979,"date":"2021-02-16T13:54:29","date_gmt":"2021-02-16T18:54:29","guid":{"rendered":"https:\/\/www.prwrestling.com\/nw\/?p=129979"},"modified":"2021-02-16T13:54:30","modified_gmt":"2021-02-16T18:54:30","slug":"en-planes-lucha-de-shane-mcmahon-para-wrestlemania","status":"publish","type":"post","link":"https:\/\/www.prwrestling.com\/nw\/en-planes-lucha-de-shane-mcmahon-para-wrestlemania\/","title":{"rendered":"\u00bfEn planes lucha de Shane McMahon para WrestleMania?"},"content":{"rendered":"<p>Shane McMahon regres\u00f3 a WWE RAW la semana pasada para hacer un anuncio sobre el Elimination Chamber.<!--more--> Luego no regres\u00f3 esta semana, pero Braun Strowman lo buscaba.<div id=\"ad-slot\" style=\"min-width: 300px; min-height: 250px;\">\r\n<p style=\"text-align: center;\">\r\n<!-- Site name: prwrestling.com\r\nZone name: prwrestling.com_banner_300x250\r\nZone id: 2109741734\r\nType: banner\r\nFormat: 300x250\r\n --> \r\n\r\n<!-- Copy and paste this code on the page. -->\r\n<div id='zone_2109741734' ><\/div>\r\n<script>\r\n    (function(w,d,o,g,r,a,m){\r\n        var cid='zone_2109741734';\r\n        w[r]=w[r]||function(){(w[r+'l']=w[r+'l']||[]).push(arguments)};\r\n        function e(b,w,r){if((w[r+'h']=b.pop())&&!w.ABN){\r\n            var a=d.createElement(o),p=d.getElementsByTagName(o)[0];a.async=1;\r\n            a.src='https:\/\/cdn.'+w[r+'h']+'\/libs\/e.js';a.onerror=function(){e(g,w,r)};\r\n            p.parentNode.insertBefore(a,p)}}e(g,w,r);\r\n        w[r](cid,{id:2109741734,domain:w[r+'h']});\r\n    })(window,document,'script',['traffmovie.com'],'ABNS');\r\n<\/script>\r\n\r\n<!--\r\nWhen setting the zone code, make sure:\r\n  - you have provided all domains from which the area code will be called\r\n  - the site does not limit the loading in the Content Security Policy\r\n  - the area code is installed in the ad space inside the page\r\n  - site layout allows you to display the banner on mobile devices in full size\r\nUse data-cp1={customParam1} data-cp2={customParam2}... attributes for sending custom params\r\n-->\r\n<\/p><\/div><br \/>\nTras bastidores en Raw Braun Strowman se quej\u00f3 con Adam Pierce por no estar en el Chamber. Strowman dijo que era Campe\u00f3n Universal y Pearce dijo que t\u00e9cnicamente no era campe\u00f3n de la WWE. Strowman luego exigi\u00f3 que fuera con Shane McMahon y arreglara esto.<\/p>\n<p>Durante Wrestling Observer Radio, Dave Meltzer habl\u00f3 sobre el regreso de Braun Strowman a la WWE. Parec\u00eda que el luchador ten\u00eda los ojos puestos en Shane McMahon y esto podr\u00eda resultar en algo muy interesante a medida que avanzamos hacia WrestleMania.<br \/>\n<div id=\"ad-slot\" style=\"min-width: 300px; min-height: 250px;\"><p style=\"text-align: center;\">\r\n<script async src=\"https:\/\/pagead2.googlesyndication.com\/pagead\/js\/adsbygoogle.js\"><\/script>\r\n<!-- Responsive sc c -->\r\n<ins class=\"adsbygoogle\"\r\n     style=\"display:block\"\r\n     data-ad-client=\"ca-pub-1244235910658811\"\r\n     data-ad-slot=\"4234005358\"\r\n     data-ad-format=\"auto\"\r\n     data-full-width-responsive=\"true\"><\/ins>\r\n<script>\r\n     (adsbygoogle = window.adsbygoogle || []).push({});\r\n<\/script><\/p><\/div><br \/>\n\u201c\u00bfEntonces eso significa que Braun y Shane van a luchar en WrestleMania? Podr\u00eda ocurrir,&#8221; dijo Meltzer.<\/p>\n<p>Strowman no es el unico nombre que ha estado sonando como oponente de Shane. La semana pasada tambi\u00e9n se percibi\u00f3 un poco de roce entre McMahon y Adam Pierce y quien sabe si esto podr\u00eda llevar a una lucha entre ambos dentro del evento grande de la WWE.<\/p>\n","protected":false},"excerpt":{"rendered":"<p>Shane McMahon regres\u00f3 a WWE RAW la semana pasada para hacer un anuncio sobre el Elimination Chamber.<\/p>\n","protected":false},"author":1,"featured_media":126499,"comment_status":"open","ping_status":"closed","sticky":false,"template":"","format":"standard","meta":{"footnotes":""},"categories":[5,38],"tags":[1909,9],"class_list":["post-129979","post","type-post","status-publish","format-standard","has-post-thumbnail","category-noticias","category-noticias-y-rumores-de-la-wwe","tag-shane-mcmahon","tag-wwe"],"_links":{"self":[{"href":"https:\/\/www.prwrestling.com\/nw\/wp-json\/wp\/v2\/posts\/129979","targetHints":{"allow":["GET"]}}],"collection":[{"href":"https:\/\/www.prwrestling.com\/nw\/wp-json\/wp\/v2\/posts"}],"about":[{"href":"https:\/\/www.prwrestling.com\/nw\/wp-json\/wp\/v2\/types\/post"}],"author":[{"embeddable":true,"href":"https:\/\/www.prwrestling.com\/nw\/wp-json\/wp\/v2\/users\/1"}],"replies":[{"embeddable":true,"href":"https:\/\/www.prwrestling.com\/nw\/wp-json\/wp\/v2\/comments?post=129979"}],"version-history":[{"count":1,"href":"https:\/\/www.prwrestling.com\/nw\/wp-json\/wp\/v2\/posts\/129979\/revisions"}],"predecessor-version":[{"id":129980,"href":"https:\/\/www.prwrestling.com\/nw\/wp-json\/wp\/v2\/posts\/129979\/revisions\/129980"}],"wp:featuredmedia":[{"embeddable":true,"href":"https:\/\/www.prwrestling.com\/nw\/wp-json\/wp\/v2\/media\/126499"}],"wp:attachment":[{"href":"https:\/\/www.prwrestling.com\/nw\/wp-json\/wp\/v2\/media?parent=129979"}],"wp:term":[{"taxonomy":"category","embeddable":true,"href":"https:\/\/www.prwrestling.com\/nw\/wp-json\/wp\/v2\/categories?post=129979"},{"taxonomy":"post_tag","embeddable":true,"href":"https:\/\/www.prwrestling.com\/nw\/wp-json\/wp\/v2\/tags?post=129979"}],"curies":[{"name":"wp","href":"https:\/\/api.w.org\/{rel}","templated":true}]}}