{"id":129985,"date":"2021-02-16T19:43:38","date_gmt":"2021-02-17T00:43:38","guid":{"rendered":"https:\/\/www.prwrestling.com\/nw\/?p=129985"},"modified":"2021-02-20T09:10:34","modified_gmt":"2021-02-20T14:10:34","slug":"booker-t-explica-por-que-no-le-gustan-los-elimination-chambers","status":"publish","type":"post","link":"https:\/\/www.prwrestling.com\/nw\/booker-t-explica-por-que-no-le-gustan-los-elimination-chambers\/","title":{"rendered":"Booker T explica por qu\u00e9 no le gustan los Elimination Chambers"},"content":{"rendered":"<p>WWE Elimination Chamber se llevar\u00e1 a cabo este fin de semana.\u00a0Booker T no ser\u00e1 parte de batalla dentro de la estructura de metal este a\u00f1o, y est\u00e1 feliz por eso.<!--more--><div id=\"ad-slot\" style=\"min-width: 300px; min-height: 250px;\">\r\n<p style=\"text-align: center;\">\r\n<script async src=\"https:\/\/pagead2.googlesyndication.com\/pagead\/js\/adsbygoogle.js\"><\/script>\r\n<!-- 300x250 sc a -->\r\n<ins class=\"adsbygoogle\"\r\n     style=\"display:inline-block;width:300px;height:250px\"\r\n     data-ad-client=\"ca-pub-1244235910658811\"\r\n     data-ad-slot=\"8592682546\"><\/ins>\r\n<script>\r\n     (adsbygoogle = window.adsbygoogle || []).push({});\r\n<\/script><\/center>\r\n<\/p><\/div><br \/>\nA el ex campe\u00f3n nunca le gust\u00f3 ninguno de esos tipos de encuentros y explic\u00f3 su raz\u00f3n.<\/p>\n<p>\u201cLa primera C\u00e1mara de Eliminaci\u00f3n no era algo de lo que realmente quise ser parte, m\u00e1s que el momento de hacer historia, ser parte de algo. Eso para m\u00ed fue realmente genial. Pero, entrando en WWF en ese momento, WWE ahora, esos tipos trabajaban de manera diferente. Pensaban de manera diferente. &#8221;<\/p>\n<p>&#8220;Sal\u00edan y estaban en el punto de &#8216;sangre y tripas&#8217;. Hombre, solo ponme en el ring y d\u00e9jame trabajar, amarrar el cuello y el codo, disparar las cuerdas, ese tipo de cosas &#8220;.<br \/>\n<div id=\"ad-slot\" style=\"min-width: 300px; min-height: 250px;\"><p style=\"text-align: center;\">\r\n<script async src=\"https:\/\/pagead2.googlesyndication.com\/pagead\/js\/adsbygoogle.js\"><\/script>\r\n<!-- Responsive sc c -->\r\n<ins class=\"adsbygoogle\"\r\n     style=\"display:block\"\r\n     data-ad-client=\"ca-pub-1244235910658811\"\r\n     data-ad-slot=\"4234005358\"\r\n     data-ad-format=\"auto\"\r\n     data-full-width-responsive=\"true\"><\/ins>\r\n<script>\r\n     (adsbygoogle = window.adsbygoogle || []).push({});\r\n<\/script><\/p><\/div><br \/>\n&#8220;Simplemente no me gustaban esos encuentros de estructura y le digo a la gente todo el tiempo que estaba totalmente fuera de mi zona de confort cuando estaba haciendo cosas as\u00ed. Realmente no quer\u00eda estar all\u00ed cuando hac\u00eda ese tipo de cosas. No quer\u00eda ser etiquetado como uno de los muchachos que cuando llegue esa \u00e9poca del a\u00f1o y estos combates vayan a ocurrir, esta es la persona que va a estar en ellos. Es por eso que nunca estuve en un combate Hell in the Cell. Nunca presion\u00e9 por estar en Hell in the Cell. Nunca hablar\u00eda con nadie y le dir\u00eda &#8216;Oye, \u00bfme puedes conseguir uno de esos?&#8217;<\/p>\n","protected":false},"excerpt":{"rendered":"<p>WWE Elimination Chamber se llevar\u00e1 a cabo este fin de semana.\u00a0Booker T no ser\u00e1 parte de batalla dentro de la estructura de metal este a\u00f1o, y est\u00e1 feliz por eso.<\/p>\n","protected":false},"author":1,"featured_media":129986,"comment_status":"open","ping_status":"closed","sticky":false,"template":"","format":"standard","meta":{"footnotes":""},"categories":[5,38],"tags":[1848,9,6599],"class_list":{"0":"post-129985","1":"post","2":"type-post","3":"status-publish","4":"format-standard","5":"has-post-thumbnail","7":"category-noticias","8":"category-noticias-y-rumores-de-la-wwe","9":"tag-booker-t","10":"tag-wwe","11":"tag-wwe-elimination-chamber"},"_links":{"self":[{"href":"https:\/\/www.prwrestling.com\/nw\/wp-json\/wp\/v2\/posts\/129985","targetHints":{"allow":["GET"]}}],"collection":[{"href":"https:\/\/www.prwrestling.com\/nw\/wp-json\/wp\/v2\/posts"}],"about":[{"href":"https:\/\/www.prwrestling.com\/nw\/wp-json\/wp\/v2\/types\/post"}],"author":[{"embeddable":true,"href":"https:\/\/www.prwrestling.com\/nw\/wp-json\/wp\/v2\/users\/1"}],"replies":[{"embeddable":true,"href":"https:\/\/www.prwrestling.com\/nw\/wp-json\/wp\/v2\/comments?post=129985"}],"version-history":[{"count":1,"href":"https:\/\/www.prwrestling.com\/nw\/wp-json\/wp\/v2\/posts\/129985\/revisions"}],"predecessor-version":[{"id":130033,"href":"https:\/\/www.prwrestling.com\/nw\/wp-json\/wp\/v2\/posts\/129985\/revisions\/130033"}],"wp:featuredmedia":[{"embeddable":true,"href":"https:\/\/www.prwrestling.com\/nw\/wp-json\/wp\/v2\/media\/129986"}],"wp:attachment":[{"href":"https:\/\/www.prwrestling.com\/nw\/wp-json\/wp\/v2\/media?parent=129985"}],"wp:term":[{"taxonomy":"category","embeddable":true,"href":"https:\/\/www.prwrestling.com\/nw\/wp-json\/wp\/v2\/categories?post=129985"},{"taxonomy":"post_tag","embeddable":true,"href":"https:\/\/www.prwrestling.com\/nw\/wp-json\/wp\/v2\/tags?post=129985"}],"curies":[{"name":"wp","href":"https:\/\/api.w.org\/{rel}","templated":true}]}}