{"id":130072,"date":"2021-02-22T15:30:50","date_gmt":"2021-02-22T20:30:50","guid":{"rendered":"https:\/\/www.prwrestling.com\/nw\/?p=130072"},"modified":"2021-02-22T15:30:50","modified_gmt":"2021-02-22T20:30:50","slug":"anna-jay-lesionada-fuera-por-meses","status":"publish","type":"post","link":"https:\/\/www.prwrestling.com\/nw\/anna-jay-lesionada-fuera-por-meses\/","title":{"rendered":"Anna Jay lesionada; Fuera por meses"},"content":{"rendered":"<p>AEW est\u00e1 transmitiendo otra entrega de su Torneo Eliminador del T\u00edtulo Mundial Femenino esta noche en YouTube. Lamentablemente, Anna Jay no luchar\u00e1.<!--more--><div id=\"ad-slot\" style=\"min-width: 300px; min-height: 250px;\">\r\n<p style=\"text-align: center;\">\r\n<script async src=\"https:\/\/pagead2.googlesyndication.com\/pagead\/js\/adsbygoogle.js\"><\/script>\r\n<!-- 300x250 sc a -->\r\n<ins class=\"adsbygoogle\"\r\n     style=\"display:inline-block;width:300px;height:250px\"\r\n     data-ad-client=\"ca-pub-1244235910658811\"\r\n     data-ad-slot=\"8592682546\"><\/ins>\r\n<script>\r\n     (adsbygoogle = window.adsbygoogle || []).push({});\r\n<\/script><\/center>\r\n<\/p><\/div><br \/>\nLa compa\u00f1\u00eda revel\u00f3 que Anna Jay sufri\u00f3 una lesi\u00f3n en el hombro que requerir\u00e1 cirug\u00eda. El per\u00edodo de su ausencia es de seis a doce meses. Madi Wrenkowski luchar\u00e1 en lugar de Anna Jay.<\/p>\n<blockquote class=\"twitter-tweet\">\n<p dir=\"ltr\" lang=\"en\"><a href=\"https:\/\/twitter.com\/hashtag\/BreakingNews?src=hash&amp;ref_src=twsrc%5Etfw\" target=\"_blank\" rel=\"noopener\">#BreakingNews<\/a><br \/>\nAnna Jay was injured training &amp; can\u2019t compete tonight. Anna requires shoulder surgery &amp; is expected to miss 6-12 months. She\u2019s replaced in the Tournament by alternate <a href=\"https:\/\/twitter.com\/Madi_Wrenkowski?ref_src=twsrc%5Etfw\" target=\"_blank\" rel=\"noopener\">@Madi_Wrenkowski<\/a>, a student &amp; protege of <a href=\"https:\/\/twitter.com\/thunderrosa22?ref_src=twsrc%5Etfw\" target=\"_blank\" rel=\"noopener\">@thunderrosa22<\/a>. Watch tonight 7\/6c <a href=\"https:\/\/t.co\/lBSV4sbfpB\">https:\/\/t.co\/lBSV4sbfpB<\/a> <a href=\"https:\/\/t.co\/QESqn6HWDk\">pic.twitter.com\/QESqn6HWDk<\/a><\/p>\n<p>\u2014 All Elite Wrestling (@AEW) <a href=\"https:\/\/twitter.com\/AEW\/status\/1363938867171229701?ref_src=twsrc%5Etfw\" target=\"_blank\" rel=\"noopener\">February 22, 2021<\/a><\/p><\/blockquote>\n<p><script async src=\"https:\/\/platform.twitter.com\/widgets.js\" charset=\"utf-8\"><\/script><\/p>\n","protected":false},"excerpt":{"rendered":"<p>AEW est\u00e1 transmitiendo otra entrega de su Torneo Eliminador del T\u00edtulo Mundial Femenino esta noche en YouTube. Lamentablemente, Anna Jay no luchar\u00e1.<\/p>\n","protected":false},"author":1,"featured_media":130073,"comment_status":"open","ping_status":"closed","sticky":false,"template":"","format":"standard","meta":{"footnotes":""},"categories":[5,1],"tags":[],"class_list":{"0":"post-130072","1":"post","2":"type-post","3":"status-publish","4":"format-standard","5":"has-post-thumbnail","7":"category-noticias","8":"category-all-elite-wrestling"},"_links":{"self":[{"href":"https:\/\/www.prwrestling.com\/nw\/wp-json\/wp\/v2\/posts\/130072","targetHints":{"allow":["GET"]}}],"collection":[{"href":"https:\/\/www.prwrestling.com\/nw\/wp-json\/wp\/v2\/posts"}],"about":[{"href":"https:\/\/www.prwrestling.com\/nw\/wp-json\/wp\/v2\/types\/post"}],"author":[{"embeddable":true,"href":"https:\/\/www.prwrestling.com\/nw\/wp-json\/wp\/v2\/users\/1"}],"replies":[{"embeddable":true,"href":"https:\/\/www.prwrestling.com\/nw\/wp-json\/wp\/v2\/comments?post=130072"}],"version-history":[{"count":0,"href":"https:\/\/www.prwrestling.com\/nw\/wp-json\/wp\/v2\/posts\/130072\/revisions"}],"wp:featuredmedia":[{"embeddable":true,"href":"https:\/\/www.prwrestling.com\/nw\/wp-json\/wp\/v2\/media\/130073"}],"wp:attachment":[{"href":"https:\/\/www.prwrestling.com\/nw\/wp-json\/wp\/v2\/media?parent=130072"}],"wp:term":[{"taxonomy":"category","embeddable":true,"href":"https:\/\/www.prwrestling.com\/nw\/wp-json\/wp\/v2\/categories?post=130072"},{"taxonomy":"post_tag","embeddable":true,"href":"https:\/\/www.prwrestling.com\/nw\/wp-json\/wp\/v2\/tags?post=130072"}],"curies":[{"name":"wp","href":"https:\/\/api.w.org\/{rel}","templated":true}]}}