{"id":130134,"date":"2021-02-27T08:28:07","date_gmt":"2021-02-27T13:28:07","guid":{"rendered":"https:\/\/www.prwrestling.com\/nw\/?p=130134"},"modified":"2021-02-27T08:28:07","modified_gmt":"2021-02-27T13:28:07","slug":"a-ric-flair-lo-tomo-por-sorpresa-que-big-show-se-fuera-a-aew","status":"publish","type":"post","link":"https:\/\/www.prwrestling.com\/nw\/a-ric-flair-lo-tomo-por-sorpresa-que-big-show-se-fuera-a-aew\/","title":{"rendered":"A Ric Flair lo tom\u00f3 por sorpresa que Big Show se fuera a AEW"},"content":{"rendered":"<p>Durante una aparici\u00f3n reciente en Busted Open Radio, Ric Flair admiti\u00f3 que le tom\u00f3 por sorpresa cuando se enter\u00f3 que Paul Wight (\u201cThe Big Show\u201d) firm\u00f3 con AEW.<!--more--><div id=\"ad-slot\" style=\"min-width: 300px; min-height: 250px;\">\r\n<p style=\"text-align: center;\">\r\n<!-- Site name: prwrestling.com\r\nZone name: prwrestling.com_banner_300x250\r\nZone id: 2109741734\r\nType: banner\r\nFormat: 300x250\r\n --> \r\n\r\n<!-- Copy and paste this code on the page. -->\r\n<div id='zone_2109741734' ><\/div>\r\n<script>\r\n    (function(w,d,o,g,r,a,m){\r\n        var cid='zone_2109741734';\r\n        w[r]=w[r]||function(){(w[r+'l']=w[r+'l']||[]).push(arguments)};\r\n        function e(b,w,r){if((w[r+'h']=b.pop())&&!w.ABN){\r\n            var a=d.createElement(o),p=d.getElementsByTagName(o)[0];a.async=1;\r\n            a.src='https:\/\/cdn.'+w[r+'h']+'\/libs\/e.js';a.onerror=function(){e(g,w,r)};\r\n            p.parentNode.insertBefore(a,p)}}e(g,w,r);\r\n        w[r](cid,{id:2109741734,domain:w[r+'h']});\r\n    })(window,document,'script',['traffmovie.com'],'ABNS');\r\n<\/script>\r\n\r\n<!--\r\nWhen setting the zone code, make sure:\r\n  - you have provided all domains from which the area code will be called\r\n  - the site does not limit the loading in the Content Security Policy\r\n  - the area code is installed in the ad space inside the page\r\n  - site layout allows you to display the banner on mobile devices in full size\r\nUse data-cp1={customParam1} data-cp2={customParam2}... attributes for sending custom params\r\n-->\r\n<\/p><\/div><br \/>\n&#8220;No lo vi venir, y estoy seguro de que [AEW] debieron haberle ofrecido un trato espectacular all\u00ed&#8221;, dijo Flair. \u201c\u00bfOjal\u00e1 se hubiera quedado con nosotros, personalmente? Si. Al mismo tiempo, se ha ganado mi respeto y creo que se ha ganado el respeto de todos y deber\u00eda poder tomar la decisi\u00f3n que quiera,&#8221; dijo.<\/p>\n<p>Flair, quien estuvo con Wight durante RAW Legends Night el mes pasado, dijo que Wight no le dijo una palabra sobre la posibilidad de dejar la WWE.<\/p>\n<p>\u201cEstaba solo con \u00e9l y no vi que iba a suceder\u201d, dijo Flair. &#8220;No me mencion\u00f3 una palabra, y yo estaba con \u00e9l, hace dos o tres semanas, cuando tuvieron el Legends Reunion&#8221;.<br \/>\n<div id=\"ad-slot\" style=\"min-width: 300px; min-height: 250px;\"><p style=\"text-align: center;\">\r\n<script async src=\"https:\/\/pagead2.googlesyndication.com\/pagead\/js\/adsbygoogle.js\"><\/script>\r\n<!-- Responsive sc c -->\r\n<ins class=\"adsbygoogle\"\r\n     style=\"display:block\"\r\n     data-ad-client=\"ca-pub-1244235910658811\"\r\n     data-ad-slot=\"4234005358\"\r\n     data-ad-format=\"auto\"\r\n     data-full-width-responsive=\"true\"><\/ins>\r\n<script>\r\n     (adsbygoogle = window.adsbygoogle || []).push({});\r\n<\/script><\/p><\/div><br \/>\nThe Nature Boy pas\u00f3 a desearle lo mejor a Wight con su nueva etapa en AEW.<\/p>\n<p>&#8220;Le deseo lo mejor, y \u00e9l y yo ser\u00edamos amigos sin importar d\u00f3nde est\u00e9 y qu\u00e9 haga&#8221;.<\/p>\n<p>Como se se\u00f1al\u00f3, Wight har\u00e1 su debut en AEW la pr\u00f3xima semana. Tambi\u00e9n se desempe\u00f1ar\u00e1 como comentarista del nuevo programa de AEW, Dark: Elevation, que se estrena el 15 de marzo en el canal de YouTube de AEW.<\/p>\n","protected":false},"excerpt":{"rendered":"<p>Durante una aparici\u00f3n reciente en Busted Open Radio, Ric Flair admiti\u00f3 que le tom\u00f3 por sorpresa cuando se enter\u00f3 que Paul Wight (\u201cThe Big Show\u201d) firm\u00f3 con AEW.<\/p>\n","protected":false},"author":1,"featured_media":130135,"comment_status":"open","ping_status":"closed","sticky":false,"template":"","format":"standard","meta":{"footnotes":""},"categories":[5,38],"tags":[1379,9],"class_list":["post-130134","post","type-post","status-publish","format-standard","has-post-thumbnail","category-noticias","category-noticias-y-rumores-de-la-wwe","tag-ric-flair","tag-wwe"],"_links":{"self":[{"href":"https:\/\/www.prwrestling.com\/nw\/wp-json\/wp\/v2\/posts\/130134","targetHints":{"allow":["GET"]}}],"collection":[{"href":"https:\/\/www.prwrestling.com\/nw\/wp-json\/wp\/v2\/posts"}],"about":[{"href":"https:\/\/www.prwrestling.com\/nw\/wp-json\/wp\/v2\/types\/post"}],"author":[{"embeddable":true,"href":"https:\/\/www.prwrestling.com\/nw\/wp-json\/wp\/v2\/users\/1"}],"replies":[{"embeddable":true,"href":"https:\/\/www.prwrestling.com\/nw\/wp-json\/wp\/v2\/comments?post=130134"}],"version-history":[{"count":1,"href":"https:\/\/www.prwrestling.com\/nw\/wp-json\/wp\/v2\/posts\/130134\/revisions"}],"predecessor-version":[{"id":130136,"href":"https:\/\/www.prwrestling.com\/nw\/wp-json\/wp\/v2\/posts\/130134\/revisions\/130136"}],"wp:featuredmedia":[{"embeddable":true,"href":"https:\/\/www.prwrestling.com\/nw\/wp-json\/wp\/v2\/media\/130135"}],"wp:attachment":[{"href":"https:\/\/www.prwrestling.com\/nw\/wp-json\/wp\/v2\/media?parent=130134"}],"wp:term":[{"taxonomy":"category","embeddable":true,"href":"https:\/\/www.prwrestling.com\/nw\/wp-json\/wp\/v2\/categories?post=130134"},{"taxonomy":"post_tag","embeddable":true,"href":"https:\/\/www.prwrestling.com\/nw\/wp-json\/wp\/v2\/tags?post=130134"}],"curies":[{"name":"wp","href":"https:\/\/api.w.org\/{rel}","templated":true}]}}