{"id":130138,"date":"2021-02-27T15:39:54","date_gmt":"2021-02-27T20:39:54","guid":{"rendered":"https:\/\/www.prwrestling.com\/nw\/?p=130138"},"modified":"2021-02-27T15:43:44","modified_gmt":"2021-02-27T20:43:44","slug":"rob-van-dam-en-planes-de-varios-proyectos-con-wwe","status":"publish","type":"post","link":"https:\/\/www.prwrestling.com\/nw\/rob-van-dam-en-planes-de-varios-proyectos-con-wwe\/","title":{"rendered":"Rob Van Dam en planes de varios proyectos con WWE"},"content":{"rendered":"<p>El ex campe\u00f3n de la WWE y leyenda de la ECW, Rob Van Dam, habl\u00f3 recientemente con el podcast de Wrestling 90&#8217;s para discutir su relaci\u00f3n con el presidente Vince McMahon.<!--more--><div id=\"ad-slot\" style=\"min-width: 300px; min-height: 250px;\">\r\n<p style=\"text-align: center;\">\r\n<script async src=\"https:\/\/pagead2.googlesyndication.com\/pagead\/js\/adsbygoogle.js\"><\/script>\r\n<!-- 300x250 sc a -->\r\n<ins class=\"adsbygoogle\"\r\n     style=\"display:inline-block;width:300px;height:250px\"\r\n     data-ad-client=\"ca-pub-1244235910658811\"\r\n     data-ad-slot=\"8592682546\"><\/ins>\r\n<script>\r\n     (adsbygoogle = window.adsbygoogle || []).push({});\r\n<\/script><\/center>\r\n<\/p><\/div><br \/>\nVan Dam revel\u00f3 que aunque no est\u00e1 laborando como talento, se est\u00e1 preparando para ser entrevistado para un pr\u00f3ximo documental para WWE Network.<\/p>\n<p>&#8220;Ellos [WWE] me contactaron y me preguntaron si estar\u00eda interesado y que quer\u00edan hacer un documental sobre m\u00ed, y les dije que s\u00ed, que estar\u00eda interesado. En realidad, todav\u00eda no hemos filmado mucho, pero saldr\u00e1 en mayo. As\u00ed que pronto filmaremos mucho de eso.&#8221;<\/p>\n<p>&#8220;Estoy hablando con ellos [WWE] sobre hacer un libro, estamos en conversaciones, no creo que nuestra relaci\u00f3n se haya roto nunca, ya sabes, porque sigo en contacto con Vince ( McMahon), porque \u00e9l es el \u00fanico por el que me preocup\u00e9, porque en realidad no quiero volver, as\u00ed que realmente no ten\u00edan nada que yo quisiera..,&#8221; dijo.<\/p>\n<h2>Lucha de jaula en Smackdown<\/h2>\n<p>En la edici\u00f3n m\u00e1s reciente de de WWE Talking Smack, Daniel Bryan habl\u00f3 con Paul Heyman sobre desafiar a Roman Reigns por el campeonato Universal en Fastlane.<br \/>\n<div id=\"ad-slot\" style=\"min-width: 300px; min-height: 250px;\"><p style=\"text-align: center;\">\r\n<script async src=\"https:\/\/pagead2.googlesyndication.com\/pagead\/js\/adsbygoogle.js\"><\/script>\r\n<!-- Responsive sc c -->\r\n<ins class=\"adsbygoogle\"\r\n     style=\"display:block\"\r\n     data-ad-client=\"ca-pub-1244235910658811\"\r\n     data-ad-slot=\"4234005358\"\r\n     data-ad-format=\"auto\"\r\n     data-full-width-responsive=\"true\"><\/ins>\r\n<script>\r\n     (adsbygoogle = window.adsbygoogle || []).push({});\r\n<\/script><\/p><\/div><br \/>\nHeyman le dijo a Bryan que Reigns le ofrecer\u00eda una oportunidad por el t\u00edtulo, pero solo si derrota a Jey Uso en SmackDown de la pr\u00f3xima semana.<\/p>\n<p>Bryan estuvo de acuerdo, pero exigi\u00f3 que la pelea con Uso se llevara a cabo dentro de una jaula de acero para evitar interferencias externas. Heyman recibi\u00f3 luego un mensaje de texto de Reigns aceptando la estipulaci\u00f3n.<br \/>\n<iframe loading=\"lazy\" src=\"https:\/\/www.youtube.com\/embed\/54f2NVqg8Y0\" width=\"750\" height=\"422\" frameborder=\"0\" allowfullscreen=\"allowfullscreen\"><\/iframe><\/p>\n","protected":false},"excerpt":{"rendered":"<p>El ex campe\u00f3n de la WWE y leyenda de la ECW, Rob Van Dam, habl\u00f3 recientemente con el podcast de Wrestling 90&#8217;s para discutir su relaci\u00f3n con el presidente Vince McMahon.<\/p>\n","protected":false},"author":1,"featured_media":118256,"comment_status":"open","ping_status":"closed","sticky":false,"template":"","format":"standard","meta":{"footnotes":""},"categories":[5,38],"tags":[3533],"class_list":{"0":"post-130138","1":"post","2":"type-post","3":"status-publish","4":"format-standard","5":"has-post-thumbnail","7":"category-noticias","8":"category-noticias-y-rumores-de-la-wwe","9":"tag-rob-van-dam"},"_links":{"self":[{"href":"https:\/\/www.prwrestling.com\/nw\/wp-json\/wp\/v2\/posts\/130138","targetHints":{"allow":["GET"]}}],"collection":[{"href":"https:\/\/www.prwrestling.com\/nw\/wp-json\/wp\/v2\/posts"}],"about":[{"href":"https:\/\/www.prwrestling.com\/nw\/wp-json\/wp\/v2\/types\/post"}],"author":[{"embeddable":true,"href":"https:\/\/www.prwrestling.com\/nw\/wp-json\/wp\/v2\/users\/1"}],"replies":[{"embeddable":true,"href":"https:\/\/www.prwrestling.com\/nw\/wp-json\/wp\/v2\/comments?post=130138"}],"version-history":[{"count":3,"href":"https:\/\/www.prwrestling.com\/nw\/wp-json\/wp\/v2\/posts\/130138\/revisions"}],"predecessor-version":[{"id":130142,"href":"https:\/\/www.prwrestling.com\/nw\/wp-json\/wp\/v2\/posts\/130138\/revisions\/130142"}],"wp:featuredmedia":[{"embeddable":true,"href":"https:\/\/www.prwrestling.com\/nw\/wp-json\/wp\/v2\/media\/118256"}],"wp:attachment":[{"href":"https:\/\/www.prwrestling.com\/nw\/wp-json\/wp\/v2\/media?parent=130138"}],"wp:term":[{"taxonomy":"category","embeddable":true,"href":"https:\/\/www.prwrestling.com\/nw\/wp-json\/wp\/v2\/categories?post=130138"},{"taxonomy":"post_tag","embeddable":true,"href":"https:\/\/www.prwrestling.com\/nw\/wp-json\/wp\/v2\/tags?post=130138"}],"curies":[{"name":"wp","href":"https:\/\/api.w.org\/{rel}","templated":true}]}}