{"id":130186,"date":"2021-03-02T19:28:14","date_gmt":"2021-03-03T00:28:14","guid":{"rendered":"https:\/\/www.prwrestling.com\/nw\/?p=130186"},"modified":"2021-03-02T19:28:14","modified_gmt":"2021-03-03T00:28:14","slug":"shaquille-tengo-muchas-movidas-en-mi-arsenal","status":"publish","type":"post","link":"https:\/\/www.prwrestling.com\/nw\/shaquille-tengo-muchas-movidas-en-mi-arsenal\/","title":{"rendered":"Shaquille: &#8220;Tengo muchas movidas en mi arsenal&#8221;"},"content":{"rendered":"<p>La leyenda de la NBA, Shaquille O\u2019Neal, habl\u00f3 recientemente con Dan Gelston de <a href=\"http:\/\/ap.com\" target=\"_blank\" rel=\"noopener\">The Associated Press<\/a> para promover el episodio de AEW Dynamite del mi\u00e9rcoles. <!--more--><div id=\"ad-slot\" style=\"min-width: 300px; min-height: 250px;\">\r\n<p style=\"text-align: center;\">\r\n<script async src=\"https:\/\/pagead2.googlesyndication.com\/pagead\/js\/adsbygoogle.js\"><\/script>\r\n<!-- 300x250 sc a -->\r\n<ins class=\"adsbygoogle\"\r\n     style=\"display:inline-block;width:300px;height:250px\"\r\n     data-ad-client=\"ca-pub-1244235910658811\"\r\n     data-ad-slot=\"8592682546\"><\/ins>\r\n<script>\r\n     (adsbygoogle = window.adsbygoogle || []).push({});\r\n<\/script><\/center>\r\n<\/p><\/div><br \/>\nShaq formar\u00e1 equipo con Jade Cargill para enfrentarse a Cody Rhodes y Red Velvet dentro del programa.<\/p>\n<p>Shaq, un fan\u00e1tico de la lucha libre profesional de toda la vida, prometi\u00f3 que \u00e9l y Jade se llevar\u00e1n la victoria a casa. &#8220;Oh, vamos a ganar&#8221;, dijo Shaq. &#8220;Garantizado&#8221;.<\/p>\n<p>La pelea se hizo despu\u00e9s de que Cargill se burlara de Rhodes en noviembre pasado, sobre c\u00f3mo Shaq era el verdadero asesino gigante de la lucha libre profesional. Shaq respondi\u00f3 en <a href=\"http:\/\/tnt.com\" target=\"_blank\" rel=\"noopener\">Inside The NBA de TNT<\/a> y le dijo a Cody que nombrara el lugar. Shaq coment\u00f3 qu\u00e9 esperar este mi\u00e9rcoles.<\/p>\n<p>&#8220;Soy del tipo de persona que nunca puedo dar marcha atr\u00e1s ante un desaf\u00edo&#8221;, dijo Shaq. &#8220;No soy un luchador profesional, pero he estado en un combate antes. Tengo muchas movidas en mi arsenal. Cuando te adentras en el mundo de alguien, tienes que ce\u00f1irte a aquello en lo que eres magistral. No soy acrob\u00e1tico. No voy a saltar de las cuerdas. Vengo con el juego de poder. Cuando le ponga las manos encima, voy a mostrar este poder,&#8221; dijo.<br \/>\n<div id=\"ad-slot\" style=\"min-width: 300px; min-height: 250px;\"><p style=\"text-align: center;\">\r\n<script async src=\"https:\/\/pagead2.googlesyndication.com\/pagead\/js\/adsbygoogle.js\"><\/script>\r\n<!-- Responsive sc c -->\r\n<ins class=\"adsbygoogle\"\r\n     style=\"display:block\"\r\n     data-ad-client=\"ca-pub-1244235910658811\"\r\n     data-ad-slot=\"4234005358\"\r\n     data-ad-format=\"auto\"\r\n     data-full-width-responsive=\"true\"><\/ins>\r\n<script>\r\n     (adsbygoogle = window.adsbygoogle || []).push({});\r\n<\/script><\/p><\/div><br \/>\nShaq ha visitado brevemente The Nightmare Factory en Norcross, Georgia, pero su entrenamiento dentro del ring es limitado. Conf\u00eda en sus habilidades para la lucha del mi\u00e9rcoles.<\/p>\n<p>&#8220;Soy del tipo que si miro y veo que lo haces, lo entiendo&#8221;, dijo.<\/p>\n<p>Shaq dijo que la lucha del mi\u00e9rcoles superar\u00e1 a todas las dem\u00e1s que han presentado a atletas deportivos profesionales activos o retirados, desde los grandes de la NBA Dennis Rodman y Karl Malone luchando en WCW, hasta Lawrence Taylor de la NFL derrotando a Bam Bam Bigelow en WrestleMania 11.<\/p>\n<p>&#8220;Este los superar\u00e1 a todos&#8221;, dijo Shaq.<\/p>\n","protected":false},"excerpt":{"rendered":"<p>La leyenda de la NBA, Shaquille O\u2019Neal, habl\u00f3 recientemente con Dan Gelston de The Associated Press para promover el episodio de AEW Dynamite del mi\u00e9rcoles.<\/p>\n","protected":false},"author":1,"featured_media":130187,"comment_status":"open","ping_status":"closed","sticky":false,"template":"","format":"standard","meta":{"footnotes":""},"categories":[5,38],"tags":[1354,6656],"class_list":{"0":"post-130186","1":"post","2":"type-post","3":"status-publish","4":"format-standard","5":"has-post-thumbnail","7":"category-noticias","8":"category-noticias-y-rumores-de-la-wwe","9":"tag-aew","10":"tag-shaquille-oneal"},"_links":{"self":[{"href":"https:\/\/www.prwrestling.com\/nw\/wp-json\/wp\/v2\/posts\/130186","targetHints":{"allow":["GET"]}}],"collection":[{"href":"https:\/\/www.prwrestling.com\/nw\/wp-json\/wp\/v2\/posts"}],"about":[{"href":"https:\/\/www.prwrestling.com\/nw\/wp-json\/wp\/v2\/types\/post"}],"author":[{"embeddable":true,"href":"https:\/\/www.prwrestling.com\/nw\/wp-json\/wp\/v2\/users\/1"}],"replies":[{"embeddable":true,"href":"https:\/\/www.prwrestling.com\/nw\/wp-json\/wp\/v2\/comments?post=130186"}],"version-history":[{"count":1,"href":"https:\/\/www.prwrestling.com\/nw\/wp-json\/wp\/v2\/posts\/130186\/revisions"}],"predecessor-version":[{"id":130188,"href":"https:\/\/www.prwrestling.com\/nw\/wp-json\/wp\/v2\/posts\/130186\/revisions\/130188"}],"wp:featuredmedia":[{"embeddable":true,"href":"https:\/\/www.prwrestling.com\/nw\/wp-json\/wp\/v2\/media\/130187"}],"wp:attachment":[{"href":"https:\/\/www.prwrestling.com\/nw\/wp-json\/wp\/v2\/media?parent=130186"}],"wp:term":[{"taxonomy":"category","embeddable":true,"href":"https:\/\/www.prwrestling.com\/nw\/wp-json\/wp\/v2\/categories?post=130186"},{"taxonomy":"post_tag","embeddable":true,"href":"https:\/\/www.prwrestling.com\/nw\/wp-json\/wp\/v2\/tags?post=130186"}],"curies":[{"name":"wp","href":"https:\/\/api.w.org\/{rel}","templated":true}]}}