{"id":130208,"date":"2021-03-04T07:17:59","date_gmt":"2021-03-04T12:17:59","guid":{"rendered":"https:\/\/www.prwrestling.com\/nw\/?p=130208"},"modified":"2021-03-04T07:20:21","modified_gmt":"2021-03-04T12:20:21","slug":"kayla-braxton-soy-bi","status":"publish","type":"post","link":"https:\/\/www.prwrestling.com\/nw\/kayla-braxton-soy-bi\/","title":{"rendered":"Kayla Braxton: &#8220;Soy Bi&#8221;"},"content":{"rendered":"<p>Kayla Braxton, la entrevistadora tras bastidores de WWE SmackDown y presentadora de Talking Smack, ha revelado que es bisexual.<!--more--><div id=\"ad-slot\" style=\"min-width: 300px; min-height: 250px;\">\r\n<p style=\"text-align: center;\">\r\n<!-- Site name: prwrestling.com\r\nZone name: prwrestling.com_banner_300x250\r\nZone id: 2109741734\r\nType: banner\r\nFormat: 300x250\r\n --> \r\n\r\n<!-- Copy and paste this code on the page. -->\r\n<div id='zone_2109741734' ><\/div>\r\n<script>\r\n    (function(w,d,o,g,r,a,m){\r\n        var cid='zone_2109741734';\r\n        w[r]=w[r]||function(){(w[r+'l']=w[r+'l']||[]).push(arguments)};\r\n        function e(b,w,r){if((w[r+'h']=b.pop())&&!w.ABN){\r\n            var a=d.createElement(o),p=d.getElementsByTagName(o)[0];a.async=1;\r\n            a.src='https:\/\/cdn.'+w[r+'h']+'\/libs\/e.js';a.onerror=function(){e(g,w,r)};\r\n            p.parentNode.insertBefore(a,p)}}e(g,w,r);\r\n        w[r](cid,{id:2109741734,domain:w[r+'h']});\r\n    })(window,document,'script',['traffmovie.com'],'ABNS');\r\n<\/script>\r\n\r\n<!--\r\nWhen setting the zone code, make sure:\r\n  - you have provided all domains from which the area code will be called\r\n  - the site does not limit the loading in the Content Security Policy\r\n  - the area code is installed in the ad space inside the page\r\n  - site layout allows you to display the banner on mobile devices in full size\r\nUse data-cp1={customParam1} data-cp2={customParam2}... attributes for sending custom params\r\n-->\r\n<\/p><\/div><br \/>\nA trav\u00e9s de un tweet el mi\u00e9rcoles por la noche, Braxton, nombre real Kayla Becker, dijo que &#8220;ha superado el tener que elegir&#8221; no solo su origen \u00e9tnico sino tambi\u00e9n su orientaci\u00f3n sexual.<\/p>\n<p>Kayla tuite\u00f3: &#8220;Toda mi vida, he tenido que elegir. \u00bfEres negra? \u00bfEres blanca? \u00bfQu\u00e9 burbuja rellenas en los SAT? Siempre llen\u00e9 &#8220;otro&#8221; porque nada se aplicaba a m\u00ed. Esta noche, elijo dejar de tener que elegir. Hola Mundo. Soy Kayla. Oh. Y s\u00ed, soy Bi &#8220;.<\/p>\n<p>Beth Phoenix, respondi\u00f3 y envi\u00f3 un abrazo virtual a Kayla.<\/p>\n<p>El ex campe\u00f3n intercontinental de la WWE, Lance Storm, tuite\u00f3: &#8220;S\u00e9 t\u00fa misma y s\u00e9 feliz&#8221;.<br \/>\n<div id=\"ad-slot\" style=\"min-width: 300px; min-height: 250px;\"><p style=\"text-align: center;\">\r\n<script async src=\"https:\/\/pagead2.googlesyndication.com\/pagead\/js\/adsbygoogle.js\"><\/script>\r\n<!-- Responsive sc c -->\r\n<ins class=\"adsbygoogle\"\r\n     style=\"display:block\"\r\n     data-ad-client=\"ca-pub-1244235910658811\"\r\n     data-ad-slot=\"4234005358\"\r\n     data-ad-format=\"auto\"\r\n     data-full-width-responsive=\"true\"><\/ins>\r\n<script>\r\n     (adsbygoogle = window.adsbygoogle || []).push({});\r\n<\/script><\/p><\/div><br \/>\nVea a continuaci\u00f3n los tweets:<\/p>\n<blockquote class=\"twitter-tweet\">\n<p dir=\"ltr\" lang=\"en\">My whole life, I\u2019ve had to choose. Are you black? Are you white? Which bubble do you fill in on the SATs? I always filled in \u201cother\u201d because nothing applied to me. Tonight, I choose to be over having to choose. Hello world. I\u2019m Kayla. Oh. And yeah &#8211; I\u2019m Bi. &#x1f60e;<\/p>\n<p>\u2014 Kayla Braxton (@KaylaBraxtonWWE) <a href=\"https:\/\/twitter.com\/KaylaBraxtonWWE\/status\/1367330626853097477?ref_src=twsrc%5Etfw\" target=\"_blank\" rel=\"noopener\">March 4, 2021<\/a><\/p><\/blockquote>\n<p><script async src=\"https:\/\/platform.twitter.com\/widgets.js\" charset=\"utf-8\"><\/script><\/p>\n<blockquote class=\"twitter-tweet\">\n<p dir=\"ltr\" lang=\"en\">You be you, and be happy. &#x1f44d;<\/p>\n<p>\u2014 Lance Storm (@LanceStorm) <a href=\"https:\/\/twitter.com\/LanceStorm\/status\/1367336987686969348?ref_src=twsrc%5Etfw\" target=\"_blank\" rel=\"noopener\">March 4, 2021<\/a><\/p><\/blockquote>\n<p><script async src=\"https:\/\/platform.twitter.com\/widgets.js\" charset=\"utf-8\"><\/script><\/p>\n","protected":false},"excerpt":{"rendered":"<p>Kayla Braxton, la entrevistadora tras bastidores de WWE SmackDown y presentadora de Talking Smack, ha revelado que es bisexual.<\/p>\n","protected":false},"author":1,"featured_media":130210,"comment_status":"open","ping_status":"closed","sticky":false,"template":"","format":"standard","meta":{"footnotes":""},"categories":[5,38],"tags":[6665,9],"class_list":["post-130208","post","type-post","status-publish","format-standard","has-post-thumbnail","category-noticias","category-noticias-y-rumores-de-la-wwe","tag-kayla-braxton","tag-wwe"],"_links":{"self":[{"href":"https:\/\/www.prwrestling.com\/nw\/wp-json\/wp\/v2\/posts\/130208","targetHints":{"allow":["GET"]}}],"collection":[{"href":"https:\/\/www.prwrestling.com\/nw\/wp-json\/wp\/v2\/posts"}],"about":[{"href":"https:\/\/www.prwrestling.com\/nw\/wp-json\/wp\/v2\/types\/post"}],"author":[{"embeddable":true,"href":"https:\/\/www.prwrestling.com\/nw\/wp-json\/wp\/v2\/users\/1"}],"replies":[{"embeddable":true,"href":"https:\/\/www.prwrestling.com\/nw\/wp-json\/wp\/v2\/comments?post=130208"}],"version-history":[{"count":2,"href":"https:\/\/www.prwrestling.com\/nw\/wp-json\/wp\/v2\/posts\/130208\/revisions"}],"predecessor-version":[{"id":130212,"href":"https:\/\/www.prwrestling.com\/nw\/wp-json\/wp\/v2\/posts\/130208\/revisions\/130212"}],"wp:featuredmedia":[{"embeddable":true,"href":"https:\/\/www.prwrestling.com\/nw\/wp-json\/wp\/v2\/media\/130210"}],"wp:attachment":[{"href":"https:\/\/www.prwrestling.com\/nw\/wp-json\/wp\/v2\/media?parent=130208"}],"wp:term":[{"taxonomy":"category","embeddable":true,"href":"https:\/\/www.prwrestling.com\/nw\/wp-json\/wp\/v2\/categories?post=130208"},{"taxonomy":"post_tag","embeddable":true,"href":"https:\/\/www.prwrestling.com\/nw\/wp-json\/wp\/v2\/tags?post=130208"}],"curies":[{"name":"wp","href":"https:\/\/api.w.org\/{rel}","templated":true}]}}