{"id":130223,"date":"2021-03-05T07:54:56","date_gmt":"2021-03-05T12:54:56","guid":{"rendered":"https:\/\/www.prwrestling.com\/nw\/?p=130223"},"modified":"2021-03-05T07:54:56","modified_gmt":"2021-03-05T12:54:56","slug":"lacey-evans-se-sintio-culpable-por-caer-en-embarazo-en-medio-de-historia-con-charlotte","status":"publish","type":"post","link":"https:\/\/www.prwrestling.com\/nw\/lacey-evans-se-sintio-culpable-por-caer-en-embarazo-en-medio-de-historia-con-charlotte\/","title":{"rendered":"Lacey Evans se sinti\u00f3 culpable por caer en embarazo en medio de historia con Charlotte"},"content":{"rendered":"<p>Mientras hablaba en el podcast de las Bella Twins, Lacey Evans revel\u00f3 algunos detalles sobre los eventos recientes de su vida tras anunciar su segundo embarazo. <!--more--><div id=\"ad-slot\" style=\"min-width: 300px; min-height: 250px;\">\r\n<p style=\"text-align: center;\">\r\n<!-- Site name: prwrestling.com\r\nZone name: prwrestling.com_banner_300x250\r\nZone id: 2109741734\r\nType: banner\r\nFormat: 300x250\r\n --> \r\n\r\n<!-- Copy and paste this code on the page. -->\r\n<div id='zone_2109741734' ><\/div>\r\n<script>\r\n    (function(w,d,o,g,r,a,m){\r\n        var cid='zone_2109741734';\r\n        w[r]=w[r]||function(){(w[r+'l']=w[r+'l']||[]).push(arguments)};\r\n        function e(b,w,r){if((w[r+'h']=b.pop())&&!w.ABN){\r\n            var a=d.createElement(o),p=d.getElementsByTagName(o)[0];a.async=1;\r\n            a.src='https:\/\/cdn.'+w[r+'h']+'\/libs\/e.js';a.onerror=function(){e(g,w,r)};\r\n            p.parentNode.insertBefore(a,p)}}e(g,w,r);\r\n        w[r](cid,{id:2109741734,domain:w[r+'h']});\r\n    })(window,document,'script',['traffmovie.com'],'ABNS');\r\n<\/script>\r\n\r\n<!--\r\nWhen setting the zone code, make sure:\r\n  - you have provided all domains from which the area code will be called\r\n  - the site does not limit the loading in the Content Security Policy\r\n  - the area code is installed in the ad space inside the page\r\n  - site layout allows you to display the banner on mobile devices in full size\r\nUse data-cp1={customParam1} data-cp2={customParam2}... attributes for sending custom params\r\n-->\r\n<\/p><\/div><br \/>\nLa luchadora dijo que estaba tratando de tener otro beb\u00e9 antes de comenzar su historia reciente en WWE sin saber que poco despu\u00e9s volver\u00eda a tener un rol significante en Raw con Charlotte y Ric Flair.<\/p>\n<p>\u201cDurante un par de meses lo intentamos (de tener un beb\u00e9). Me estoy haciendo pruebas de embarazo y mi hija llora porque es negativo, negativo, negativo, negativo, negativo. Finalmente est\u00e1 de rodillas orando a Dios porque cree que \u00c9l es quien decidir\u00e1 cu\u00e1ndo es el momento.\u201d<\/p>\n<p>\u201cEntonces, de repente, Vince tiene esta idea con toda la historia. Yo estaba como, est\u00e1 bien. Todo ha sido negativo. Volver\u00e9 al juego. Efectivamente, el domingo a las 8:15, dije que seguir\u00eda haci\u00e9ndome pruebas de embarazo por razones obvias.&#8221;<br \/>\n<div id=\"ad-slot\" style=\"min-width: 300px; min-height: 250px;\"><p style=\"text-align: center;\">\r\n<script async src=\"https:\/\/pagead2.googlesyndication.com\/pagead\/js\/adsbygoogle.js\"><\/script>\r\n<!-- Responsive sc c -->\r\n<ins class=\"adsbygoogle\"\r\n     style=\"display:block\"\r\n     data-ad-client=\"ca-pub-1244235910658811\"\r\n     data-ad-slot=\"4234005358\"\r\n     data-ad-format=\"auto\"\r\n     data-full-width-responsive=\"true\"><\/ins>\r\n<script>\r\n     (adsbygoogle = window.adsbygoogle || []).push({});\r\n<\/script><\/p><\/div><br \/>\n&#8220;El domingo a las 8:15, fue positivo y faltaba una semana para Elimination Chamber. Yo estaba como, \u2018esto es genial, pero maldita sea\u2019.\u201d<\/p>\n<p>\u201cHay culpa. Te sientes culpable porque hay tanta gente trabajando para estas historias, desde los escritores hasta Charlotte y su padre. Pero, \u00bfqu\u00e9 puedes hacer t\u00fa? Me tom\u00f3 de 8:15 a 8:40 averiguar c\u00f3mo escribir eso e informar a los poderes que aqu\u00ed es donde estamos,&#8221; dijo Evans.<\/p>\n","protected":false},"excerpt":{"rendered":"<p>Mientras hablaba en el podcast de las Bella Twins, Lacey Evans revel\u00f3 algunos detalles sobre los eventos recientes de su vida tras anunciar su segundo embarazo.<\/p>\n","protected":false},"author":1,"featured_media":130224,"comment_status":"open","ping_status":"closed","sticky":false,"template":"","format":"standard","meta":{"footnotes":""},"categories":[5,38],"tags":[1780,9],"class_list":["post-130223","post","type-post","status-publish","format-standard","has-post-thumbnail","category-noticias","category-noticias-y-rumores-de-la-wwe","tag-lacey-evans","tag-wwe"],"_links":{"self":[{"href":"https:\/\/www.prwrestling.com\/nw\/wp-json\/wp\/v2\/posts\/130223","targetHints":{"allow":["GET"]}}],"collection":[{"href":"https:\/\/www.prwrestling.com\/nw\/wp-json\/wp\/v2\/posts"}],"about":[{"href":"https:\/\/www.prwrestling.com\/nw\/wp-json\/wp\/v2\/types\/post"}],"author":[{"embeddable":true,"href":"https:\/\/www.prwrestling.com\/nw\/wp-json\/wp\/v2\/users\/1"}],"replies":[{"embeddable":true,"href":"https:\/\/www.prwrestling.com\/nw\/wp-json\/wp\/v2\/comments?post=130223"}],"version-history":[{"count":1,"href":"https:\/\/www.prwrestling.com\/nw\/wp-json\/wp\/v2\/posts\/130223\/revisions"}],"predecessor-version":[{"id":130225,"href":"https:\/\/www.prwrestling.com\/nw\/wp-json\/wp\/v2\/posts\/130223\/revisions\/130225"}],"wp:featuredmedia":[{"embeddable":true,"href":"https:\/\/www.prwrestling.com\/nw\/wp-json\/wp\/v2\/media\/130224"}],"wp:attachment":[{"href":"https:\/\/www.prwrestling.com\/nw\/wp-json\/wp\/v2\/media?parent=130223"}],"wp:term":[{"taxonomy":"category","embeddable":true,"href":"https:\/\/www.prwrestling.com\/nw\/wp-json\/wp\/v2\/categories?post=130223"},{"taxonomy":"post_tag","embeddable":true,"href":"https:\/\/www.prwrestling.com\/nw\/wp-json\/wp\/v2\/tags?post=130223"}],"curies":[{"name":"wp","href":"https:\/\/api.w.org\/{rel}","templated":true}]}}