{"id":130242,"date":"2021-03-06T15:19:19","date_gmt":"2021-03-06T20:19:19","guid":{"rendered":"https:\/\/www.prwrestling.com\/nw\/?p=130242"},"modified":"2021-03-06T21:37:41","modified_gmt":"2021-03-07T02:37:41","slug":"aew-revolution-tendra-asistencia-mas-grande-desde-la-pandemia","status":"publish","type":"post","link":"https:\/\/www.prwrestling.com\/nw\/aew-revolution-tendra-asistencia-mas-grande-desde-la-pandemia\/","title":{"rendered":"AEW Revolution tendr\u00e1 asistencia m\u00e1s grande desde la pandemia"},"content":{"rendered":"<p><a href=\"http:\/\/aewwrestling.com\" target=\"_blank\" rel=\"noopener\">AEW<\/a> tuvo que cambiar sus planes para el 2020 debido al COVI-19 y celebr\u00f3 la mayor\u00eda de las transmisiones desde el Daily\u2019s Place con s\u00f3lo su elenco de luchadores como asistentes.<!--more--><div id=\"ad-slot\" style=\"min-width: 300px; min-height: 250px;\">\r\n<p style=\"text-align: center;\">\r\n<script async src=\"https:\/\/pagead2.googlesyndication.com\/pagead\/js\/adsbygoogle.js\"><\/script>\r\n<!-- 300x250 sc a -->\r\n<ins class=\"adsbygoogle\"\r\n     style=\"display:inline-block;width:300px;height:250px\"\r\n     data-ad-client=\"ca-pub-1244235910658811\"\r\n     data-ad-slot=\"8592682546\"><\/ins>\r\n<script>\r\n     (adsbygoogle = window.adsbygoogle || []).push({});\r\n<\/script><\/center>\r\n<\/p><\/div><br \/>\nAhora est\u00e1n permitiendo el regreso a los fan\u00e1ticos a los eventos en vivo, disminuyendo la velocidad y recuperando algo de la sensaci\u00f3n de los fan\u00e1ticos en vivo. AEW Revolution dar\u00e1 una impresi\u00f3n de que las cosas se est\u00e1n poniendo un poco mejor.<\/p>\n<p>Mientras hablaba con AEW Unrestricted, Tony Khan dijo que estar\u00e1n trayendo este domingo a su mayor multitud desde que comenz\u00f3 la pandemia .<\/p>\n<p>\u201cTendremos la mayor cantidad de p\u00fablico que hemos tenido hasta ahora porque hemos encontrado algunos asientos nuevos. Nos hemos reconfigurado un poco. Todav\u00eda estamos funcionando un poco m\u00e1s del 25% de la capacidad, menos del 30% de la capacidad, y vamos a tener m\u00e1s de 1,300 personas en Daily\u2019s Place,&#8221; dijo.<br \/>\n<div id=\"ad-slot\" style=\"min-width: 300px; min-height: 250px;\"><p style=\"text-align: center;\">\r\n<script async src=\"https:\/\/pagead2.googlesyndication.com\/pagead\/js\/adsbygoogle.js\"><\/script>\r\n<!-- Responsive sc c -->\r\n<ins class=\"adsbygoogle\"\r\n     style=\"display:block\"\r\n     data-ad-client=\"ca-pub-1244235910658811\"\r\n     data-ad-slot=\"4234005358\"\r\n     data-ad-format=\"auto\"\r\n     data-full-width-responsive=\"true\"><\/ins>\r\n<script>\r\n     (adsbygoogle = window.adsbygoogle || []).push({});\r\n<\/script><\/p><\/div><br \/>\n<strong>Por qu\u00e9 Revolution ser\u00e1 domingo<\/strong><\/p>\n<p>Durante <a href=\"http:\/\/f4wonline.com\" target=\"_blank\" rel=\"noopener\">Wrestling Observer Radio<\/a>, Dave Meltzer dijo que habl\u00f3 con Tony Khan sobre la decisi\u00f3n de AEW realizar este evento el domingo luego de que los shows pay per views anteriores los hab\u00edan celebrados s\u00e1bados.<\/p>\n<p>Meltzer dijo que Khan sinti\u00f3 que era mejor para AEW ir contra el Juego de Estrellas de la NBA que contra UFC, quienes tienen evento esta noche. NBA tiene menos cruce de fan\u00e1ticos con el mismo inter\u00e9s que AEW y Khan vio menos riesgo de que perdieran pedidos del evento a consecuencia del partido.<\/p>\n<div id=\"fb-root\"><\/div>\n<p><script async defer crossorigin=\"anonymous\" src=\"https:\/\/connect.facebook.net\/en_US\/sdk.js#xfbml=1&#038;version=v10.0&#038;appId=239314762795315&#038;autoLogAppEvents=1\" nonce=\"CugUnPgo\"><\/script><\/p>\n<div class=\"fb-post\" data-href=\"https:\/\/www.facebook.com\/PRWrestling\/posts\/4147936435226264\" data-width=\"500\" data-show-text=\"true\">\n<blockquote cite=\"https:\/\/www.facebook.com\/PRWrestling\/posts\/4147936435226264\" class=\"fb-xfbml-parse-ignore\">\n<p>El campe\u00f3n mundial de AEW Kenny Omega ha revelado las reglas de su lucha en AEW Revolution del domingo contra Jon&#8230;<\/p>\n<p>Posted by <a href=\"https:\/\/www.facebook.com\/PRWrestling\/\" target=\"_blank\" rel=\"noopener\">PRWrestling<\/a> on&nbsp;<a href=\"https:\/\/www.facebook.com\/PRWrestling\/posts\/4147936435226264\" target=\"_blank\" rel=\"noopener\">Saturday, March 6, 2021<\/a><\/p><\/blockquote>\n<\/div>\n","protected":false},"excerpt":{"rendered":"<p>AEW tuvo que cambiar sus planes para el 2020 debido al COVI-19 y celebr\u00f3 la mayor\u00eda de las transmisiones desde el Daily\u2019s Place con s\u00f3lo su elenco de luchadores como asistentes.<\/p>\n","protected":false},"author":1,"featured_media":130243,"comment_status":"open","ping_status":"closed","sticky":false,"template":"","format":"standard","meta":{"footnotes":""},"categories":[5,1],"tags":[1354],"class_list":{"0":"post-130242","1":"post","2":"type-post","3":"status-publish","4":"format-standard","5":"has-post-thumbnail","7":"category-noticias","8":"category-all-elite-wrestling","9":"tag-aew"},"_links":{"self":[{"href":"https:\/\/www.prwrestling.com\/nw\/wp-json\/wp\/v2\/posts\/130242","targetHints":{"allow":["GET"]}}],"collection":[{"href":"https:\/\/www.prwrestling.com\/nw\/wp-json\/wp\/v2\/posts"}],"about":[{"href":"https:\/\/www.prwrestling.com\/nw\/wp-json\/wp\/v2\/types\/post"}],"author":[{"embeddable":true,"href":"https:\/\/www.prwrestling.com\/nw\/wp-json\/wp\/v2\/users\/1"}],"replies":[{"embeddable":true,"href":"https:\/\/www.prwrestling.com\/nw\/wp-json\/wp\/v2\/comments?post=130242"}],"version-history":[{"count":1,"href":"https:\/\/www.prwrestling.com\/nw\/wp-json\/wp\/v2\/posts\/130242\/revisions"}],"predecessor-version":[{"id":130249,"href":"https:\/\/www.prwrestling.com\/nw\/wp-json\/wp\/v2\/posts\/130242\/revisions\/130249"}],"wp:featuredmedia":[{"embeddable":true,"href":"https:\/\/www.prwrestling.com\/nw\/wp-json\/wp\/v2\/media\/130243"}],"wp:attachment":[{"href":"https:\/\/www.prwrestling.com\/nw\/wp-json\/wp\/v2\/media?parent=130242"}],"wp:term":[{"taxonomy":"category","embeddable":true,"href":"https:\/\/www.prwrestling.com\/nw\/wp-json\/wp\/v2\/categories?post=130242"},{"taxonomy":"post_tag","embeddable":true,"href":"https:\/\/www.prwrestling.com\/nw\/wp-json\/wp\/v2\/tags?post=130242"}],"curies":[{"name":"wp","href":"https:\/\/api.w.org\/{rel}","templated":true}]}}