{"id":130303,"date":"2021-03-11T14:13:47","date_gmt":"2021-03-11T19:13:47","guid":{"rendered":"https:\/\/www.prwrestling.com\/nw\/?p=130303"},"modified":"2021-03-11T14:13:47","modified_gmt":"2021-03-11T19:13:47","slug":"paul-wight-dice-frustracion-creativa-hizo-que-se-marchara-de-wwe","status":"publish","type":"post","link":"https:\/\/www.prwrestling.com\/nw\/paul-wight-dice-frustracion-creativa-hizo-que-se-marchara-de-wwe\/","title":{"rendered":"Paul Wight dice &#8220;frustraci\u00f3n creativa&#8221; hizo que se marchara de WWE"},"content":{"rendered":"<p>Paul Wight lleg\u00f3 sorpresivamente a AEW despu\u00e9s de estar con WWE desde 1999.<!--more--><div id=\"ad-slot\" style=\"min-width: 300px; min-height: 250px;\">\r\n<p style=\"text-align: center;\">\r\n<script async src=\"https:\/\/pagead2.googlesyndication.com\/pagead\/js\/adsbygoogle.js\"><\/script>\r\n<!-- 300x250 sc a -->\r\n<ins class=\"adsbygoogle\"\r\n     style=\"display:inline-block;width:300px;height:250px\"\r\n     data-ad-client=\"ca-pub-1244235910658811\"\r\n     data-ad-slot=\"8592682546\"><\/ins>\r\n<script>\r\n     (adsbygoogle = window.adsbygoogle || []).push({});\r\n<\/script><\/center>\r\n<\/p><\/div><br \/>\nMientras hablaba en Oral Sessions con Renee Paquette, el ex Big Show explic\u00f3 que su decisi\u00f3n de dejar la WWE fue una de poco tiempo y explic\u00f3 por qu\u00e9.<\/p>\n<p>&#8220;Esta fue una decisi\u00f3n muy r\u00e1pida que se tom\u00f3 en cuesti\u00f3n de 48 horas para m\u00ed&#8221;, revel\u00f3 Wight.<\/p>\n<p>\u201cPara m\u00ed, creo que fue solo una frustraci\u00f3n creativa. Hab\u00eda ido y venido, ya sabes, con Paul Heyman, Bruce Prichard y Vince. Tuve algunos problemas m\u00e9dicos hace un par de a\u00f1os en los que tuve problemas con una cadera muy mala, y ya sabes c\u00f3mo est\u00e1n las cosas, que te sales un poco del circuito &#8220;.<br \/>\n<div id=\"ad-slot\" style=\"min-width: 300px; min-height: 250px;\"><p style=\"text-align: center;\">\r\n<script async src=\"https:\/\/pagead2.googlesyndication.com\/pagead\/js\/adsbygoogle.js\"><\/script>\r\n<!-- Responsive sc c -->\r\n<ins class=\"adsbygoogle\"\r\n     style=\"display:block\"\r\n     data-ad-client=\"ca-pub-1244235910658811\"\r\n     data-ad-slot=\"4234005358\"\r\n     data-ad-format=\"auto\"\r\n     data-full-width-responsive=\"true\"><\/ins>\r\n<script>\r\n     (adsbygoogle = window.adsbygoogle || []).push({});\r\n<\/script><\/p><\/div><br \/>\n\u201cEs muy dif\u00edcil para ellos volver a ponerte en el circuito, no importa cu\u00e1nto talento tengas, no importa cu\u00e1nto tengas para ofrecer. Fue frustrante para m\u00ed porque s\u00ed, estaba ganando dinero. Trabaj\u00e9 una vez contra Drew [McIntyre] despu\u00e9s de WrestleMania. Hice un par de cosas,me un\u00ed con Kevin Owens y Samoa Joe, y luego me sacan y es como &#8216;Necesito m\u00e1s que esto, Vince&#8217; &#8220;.<\/p>\n<p>\u201cNunca he estado sentado en el banco, \u00bfsabes? No voy a tomar dinero para quedarme en casa y ser feliz como una princesita, ese no es mi trato. Me gusta trabajar por mi dinero. Me gusta ganarlo. Creo que pas\u00e9 18 a\u00f1os en la WWE sin perderme ni una sola gira por Europa, primavera u oto\u00f1o,&#8221; dijo.<\/p>\n","protected":false},"excerpt":{"rendered":"<p>Paul Wight lleg\u00f3 sorpresivamente a AEW despu\u00e9s de estar con WWE desde 1999.<\/p>\n","protected":false},"author":1,"featured_media":130304,"comment_status":"open","ping_status":"closed","sticky":false,"template":"","format":"standard","meta":{"footnotes":""},"categories":[5,1],"tags":[6697],"class_list":{"0":"post-130303","1":"post","2":"type-post","3":"status-publish","4":"format-standard","5":"has-post-thumbnail","7":"category-noticias","8":"category-all-elite-wrestling","9":"tag-paul-wight"},"_links":{"self":[{"href":"https:\/\/www.prwrestling.com\/nw\/wp-json\/wp\/v2\/posts\/130303","targetHints":{"allow":["GET"]}}],"collection":[{"href":"https:\/\/www.prwrestling.com\/nw\/wp-json\/wp\/v2\/posts"}],"about":[{"href":"https:\/\/www.prwrestling.com\/nw\/wp-json\/wp\/v2\/types\/post"}],"author":[{"embeddable":true,"href":"https:\/\/www.prwrestling.com\/nw\/wp-json\/wp\/v2\/users\/1"}],"replies":[{"embeddable":true,"href":"https:\/\/www.prwrestling.com\/nw\/wp-json\/wp\/v2\/comments?post=130303"}],"version-history":[{"count":0,"href":"https:\/\/www.prwrestling.com\/nw\/wp-json\/wp\/v2\/posts\/130303\/revisions"}],"wp:featuredmedia":[{"embeddable":true,"href":"https:\/\/www.prwrestling.com\/nw\/wp-json\/wp\/v2\/media\/130304"}],"wp:attachment":[{"href":"https:\/\/www.prwrestling.com\/nw\/wp-json\/wp\/v2\/media?parent=130303"}],"wp:term":[{"taxonomy":"category","embeddable":true,"href":"https:\/\/www.prwrestling.com\/nw\/wp-json\/wp\/v2\/categories?post=130303"},{"taxonomy":"post_tag","embeddable":true,"href":"https:\/\/www.prwrestling.com\/nw\/wp-json\/wp\/v2\/tags?post=130303"}],"curies":[{"name":"wp","href":"https:\/\/api.w.org\/{rel}","templated":true}]}}