{"id":130331,"date":"2021-03-14T09:24:42","date_gmt":"2021-03-14T13:24:42","guid":{"rendered":"https:\/\/www.prwrestling.com\/nw\/?p=130331"},"modified":"2021-03-14T09:24:42","modified_gmt":"2021-03-14T13:24:42","slug":"mustafa-ali-dice-wwe-no-ha-podido-contar-bien-la-historia-de-retribution","status":"publish","type":"post","link":"https:\/\/www.prwrestling.com\/nw\/mustafa-ali-dice-wwe-no-ha-podido-contar-bien-la-historia-de-retribution\/","title":{"rendered":"Mustafa Ali dice WWE no ha podido contar bien la historia de Retribution"},"content":{"rendered":"<p>Mustafa Ali recientemente hizo una entrevista con Scott Fishman de TVInsider y durante la misma, habl\u00f3 sobre c\u00f3mo siente que Retribution no ha tenido la oportunidad de contar toda su historia.<!--more--><div id=\"ad-slot\" style=\"min-width: 300px; min-height: 250px;\">\r\n<p style=\"text-align: center;\">\r\n<script async src=\"https:\/\/pagead2.googlesyndication.com\/pagead\/js\/adsbygoogle.js\"><\/script>\r\n<!-- 300x250 sc a -->\r\n<ins class=\"adsbygoogle\"\r\n     style=\"display:inline-block;width:300px;height:250px\"\r\n     data-ad-client=\"ca-pub-1244235910658811\"\r\n     data-ad-slot=\"8592682546\"><\/ins>\r\n<script>\r\n     (adsbygoogle = window.adsbygoogle || []).push({});\r\n<\/script><\/center>\r\n<\/p><\/div><br \/>\n\u201cEl talento est\u00e1 ah\u00ed\u201d, dijo Mustafa Ali. \u201cEl mayor obst\u00e1culo y desaf\u00edo que enfrenta el grupo es el &#8216;Por qu\u00e9&#8217;. \u00bfQui\u00e9nes somos? \u00bfPor qu\u00e9 estamos aqu\u00ed? \u00bfCu\u00e1l es nuestra venganza contra la WWE y la infraestructura corporativa? No hemos podido contar esa historia.&#8221;<\/p>\n<p>&#8220;Retribution sigue siendo una oportunidad para estar en la televisi\u00f3n todas las semanas &#8220;.<\/p>\n<p>Tambi\u00e9n siente que la compa\u00f1\u00eda ha dejado que los fan\u00e1ticos conecten los puntos por su cuenta.<br \/>\n<div id=\"ad-slot\" style=\"min-width: 300px; min-height: 250px;\"><p style=\"text-align: center;\">\r\n<script async src=\"https:\/\/pagead2.googlesyndication.com\/pagead\/js\/adsbygoogle.js\"><\/script>\r\n<!-- Responsive sc c -->\r\n<ins class=\"adsbygoogle\"\r\n     style=\"display:block\"\r\n     data-ad-client=\"ca-pub-1244235910658811\"\r\n     data-ad-slot=\"4234005358\"\r\n     data-ad-format=\"auto\"\r\n     data-full-width-responsive=\"true\"><\/ins>\r\n<script>\r\n     (adsbygoogle = window.adsbygoogle || []).push({});\r\n<\/script><\/p><\/div><br \/>\n&#8220;Hemos hecho cosas y todos saben qui\u00e9n est\u00e1 en el grupo&#8221;, dijo. \u201cPero no podemos abordar qui\u00e9nes somos realmente. No he explicado por qu\u00e9 soy el l\u00edder y qu\u00e9 poder tengo sobre estas personas. Me gustar\u00eda hacerlo.&#8221;<\/p>\n<p>&#8220;Se ha dejado a los fan\u00e1ticos para conectar los puntos, lo que nunca me gusta hacer. Es un show de tres horas. Poner 5,000 libras en una bolsa de cinco libras no va a funcionar. Tenemos que tomarnos nuestro tiempo. Estamos haciendo lo mejor con el tiempo que se nos da,&#8221; dijo.<\/p>\n","protected":false},"excerpt":{"rendered":"<p>Mustafa Ali recientemente hizo una entrevista con Scott Fishman de TVInsider y durante la misma, habl\u00f3 sobre c\u00f3mo siente que Retribution no ha tenido la oportunidad de contar toda su historia.<\/p>\n","protected":false},"author":1,"featured_media":130332,"comment_status":"open","ping_status":"closed","sticky":false,"template":"","format":"standard","meta":{"footnotes":""},"categories":[5,38],"tags":[6707],"class_list":{"0":"post-130331","1":"post","2":"type-post","3":"status-publish","4":"format-standard","5":"has-post-thumbnail","7":"category-noticias","8":"category-noticias-y-rumores-de-la-wwe","9":"tag-mustafa-ali"},"_links":{"self":[{"href":"https:\/\/www.prwrestling.com\/nw\/wp-json\/wp\/v2\/posts\/130331","targetHints":{"allow":["GET"]}}],"collection":[{"href":"https:\/\/www.prwrestling.com\/nw\/wp-json\/wp\/v2\/posts"}],"about":[{"href":"https:\/\/www.prwrestling.com\/nw\/wp-json\/wp\/v2\/types\/post"}],"author":[{"embeddable":true,"href":"https:\/\/www.prwrestling.com\/nw\/wp-json\/wp\/v2\/users\/1"}],"replies":[{"embeddable":true,"href":"https:\/\/www.prwrestling.com\/nw\/wp-json\/wp\/v2\/comments?post=130331"}],"version-history":[{"count":0,"href":"https:\/\/www.prwrestling.com\/nw\/wp-json\/wp\/v2\/posts\/130331\/revisions"}],"wp:featuredmedia":[{"embeddable":true,"href":"https:\/\/www.prwrestling.com\/nw\/wp-json\/wp\/v2\/media\/130332"}],"wp:attachment":[{"href":"https:\/\/www.prwrestling.com\/nw\/wp-json\/wp\/v2\/media?parent=130331"}],"wp:term":[{"taxonomy":"category","embeddable":true,"href":"https:\/\/www.prwrestling.com\/nw\/wp-json\/wp\/v2\/categories?post=130331"},{"taxonomy":"post_tag","embeddable":true,"href":"https:\/\/www.prwrestling.com\/nw\/wp-json\/wp\/v2\/tags?post=130331"}],"curies":[{"name":"wp","href":"https:\/\/api.w.org\/{rel}","templated":true}]}}