{"id":130447,"date":"2021-03-22T09:19:43","date_gmt":"2021-03-22T13:19:43","guid":{"rendered":"https:\/\/www.prwrestling.com\/nw\/?p=130447"},"modified":"2021-03-22T09:21:59","modified_gmt":"2021-03-22T13:21:59","slug":"rumor-una-de-las-estelares-de-wrestlemania-va-a-cambiar","status":"publish","type":"post","link":"https:\/\/www.prwrestling.com\/nw\/rumor-una-de-las-estelares-de-wrestlemania-va-a-cambiar\/","title":{"rendered":"Rumor: Una de las estelares de WrestleMania va a cambiar"},"content":{"rendered":"<p>WWE Fastlane ya sucedi\u00f3 y vimos a Daniel Bryan hacer rendir a Roman Reigns, pero el \u201cEnforcer\u201d Edge no lo vio. <!--more--><div id=\"ad-slot\" style=\"min-width: 300px; min-height: 250px;\">\r\n<p style=\"text-align: center;\">\r\n<!-- Site name: prwrestling.com\r\nZone name: prwrestling.com_banner_300x250\r\nZone id: 2109741734\r\nType: banner\r\nFormat: 300x250\r\n --> \r\n\r\n<!-- Copy and paste this code on the page. -->\r\n<div id='zone_2109741734' ><\/div>\r\n<script>\r\n    (function(w,d,o,g,r,a,m){\r\n        var cid='zone_2109741734';\r\n        w[r]=w[r]||function(){(w[r+'l']=w[r+'l']||[]).push(arguments)};\r\n        function e(b,w,r){if((w[r+'h']=b.pop())&&!w.ABN){\r\n            var a=d.createElement(o),p=d.getElementsByTagName(o)[0];a.async=1;\r\n            a.src='https:\/\/cdn.'+w[r+'h']+'\/libs\/e.js';a.onerror=function(){e(g,w,r)};\r\n            p.parentNode.insertBefore(a,p)}}e(g,w,r);\r\n        w[r](cid,{id:2109741734,domain:w[r+'h']});\r\n    })(window,document,'script',['traffmovie.com'],'ABNS');\r\n<\/script>\r\n\r\n<!--\r\nWhen setting the zone code, make sure:\r\n  - you have provided all domains from which the area code will be called\r\n  - the site does not limit the loading in the Content Security Policy\r\n  - the area code is installed in the ad space inside the page\r\n  - site layout allows you to display the banner on mobile devices in full size\r\nUse data-cp1={customParam1} data-cp2={customParam2}... attributes for sending custom params\r\n-->\r\n<\/p><\/div><br \/>\nBryan no gan\u00f3 el t\u00edtulo Universal, pero parece que el camino a WrestleMania lo insertar\u00e1 en la lucha estelar de Smackdown.<\/p>\n<p>Seg\u00fan el Wrestling Observer, WWE tom\u00f3 la decisi\u00f3n para colocar a Daniel Bryan en el combate por el t\u00edtulo Universal hace semanas y ahora ser\u00e1 un combate de Triple Amenaza entre Bryan, Edge, y Roman Reigns.<\/p>\n<p>Se informa que Vince McMahon decidi\u00f3 hacer esto en la \u00faltima semana de febrero, al mismo tiempo que comenzaron a rondar los rumores de que el cartel del show grande de la WWE hab\u00eda cambiado internamente.<br \/>\n<div id=\"ad-slot\" style=\"min-width: 300px; min-height: 250px;\"><p style=\"text-align: center;\">\r\n<script async src=\"https:\/\/pagead2.googlesyndication.com\/pagead\/js\/adsbygoogle.js\"><\/script>\r\n<!-- Responsive sc c -->\r\n<ins class=\"adsbygoogle\"\r\n     style=\"display:block\"\r\n     data-ad-client=\"ca-pub-1244235910658811\"\r\n     data-ad-slot=\"4234005358\"\r\n     data-ad-format=\"auto\"\r\n     data-full-width-responsive=\"true\"><\/ins>\r\n<script>\r\n     (adsbygoogle = window.adsbygoogle || []).push({});\r\n<\/script><\/p><\/div><br \/>\nEs bastante evidente al observar c\u00f3mo WWE present\u00f3 SmackDown en el \u00faltimo mes que Daniel Bryan persiguiendo el T\u00edtulo Universal signific\u00f3 m\u00e1s que una pelea durante en Fastlane.<\/p>\n<p>Tambi\u00e9n hay quienes opinan que hay fan\u00e1ticos que recuerdan la edici\u00f3n 2015 de Fastlane, en donde Bryan se midi\u00f3 a Reigns para decidir qui\u00e9n retar\u00e1 a Brock Lesnar en WrestleMania y Reigns ganando sin controversia este a\u00f1o hubiese sido un escenario muy similar .<\/p>\n","protected":false},"excerpt":{"rendered":"<p>WWE Fastlane ya sucedi\u00f3 y vimos a Daniel Bryan hacer rendir a Roman Reigns, pero el \u201cEnforcer\u201d Edge no lo vio.<\/p>\n","protected":false},"author":1,"featured_media":130449,"comment_status":"open","ping_status":"closed","sticky":false,"template":"","format":"standard","meta":{"footnotes":""},"categories":[5,38],"tags":[9],"class_list":["post-130447","post","type-post","status-publish","format-standard","has-post-thumbnail","category-noticias","category-noticias-y-rumores-de-la-wwe","tag-wwe"],"_links":{"self":[{"href":"https:\/\/www.prwrestling.com\/nw\/wp-json\/wp\/v2\/posts\/130447","targetHints":{"allow":["GET"]}}],"collection":[{"href":"https:\/\/www.prwrestling.com\/nw\/wp-json\/wp\/v2\/posts"}],"about":[{"href":"https:\/\/www.prwrestling.com\/nw\/wp-json\/wp\/v2\/types\/post"}],"author":[{"embeddable":true,"href":"https:\/\/www.prwrestling.com\/nw\/wp-json\/wp\/v2\/users\/1"}],"replies":[{"embeddable":true,"href":"https:\/\/www.prwrestling.com\/nw\/wp-json\/wp\/v2\/comments?post=130447"}],"version-history":[{"count":1,"href":"https:\/\/www.prwrestling.com\/nw\/wp-json\/wp\/v2\/posts\/130447\/revisions"}],"predecessor-version":[{"id":130450,"href":"https:\/\/www.prwrestling.com\/nw\/wp-json\/wp\/v2\/posts\/130447\/revisions\/130450"}],"wp:featuredmedia":[{"embeddable":true,"href":"https:\/\/www.prwrestling.com\/nw\/wp-json\/wp\/v2\/media\/130449"}],"wp:attachment":[{"href":"https:\/\/www.prwrestling.com\/nw\/wp-json\/wp\/v2\/media?parent=130447"}],"wp:term":[{"taxonomy":"category","embeddable":true,"href":"https:\/\/www.prwrestling.com\/nw\/wp-json\/wp\/v2\/categories?post=130447"},{"taxonomy":"post_tag","embeddable":true,"href":"https:\/\/www.prwrestling.com\/nw\/wp-json\/wp\/v2\/tags?post=130447"}],"curies":[{"name":"wp","href":"https:\/\/api.w.org\/{rel}","templated":true}]}}