{"id":130454,"date":"2021-03-22T18:48:54","date_gmt":"2021-03-22T22:48:54","guid":{"rendered":"https:\/\/www.prwrestling.com\/nw\/?p=130454"},"modified":"2021-03-22T18:51:48","modified_gmt":"2021-03-22T22:51:48","slug":"rumor-charlotte-a-aparecer-en-smackdown-esta-semana","status":"publish","type":"post","link":"https:\/\/www.prwrestling.com\/nw\/rumor-charlotte-a-aparecer-en-smackdown-esta-semana\/","title":{"rendered":"Rumor: Charlotte a aparecer en Smackdown esta semana"},"content":{"rendered":"<p>Charlotte Flair no se encuentra actualmente en la edici\u00f3n posterior a Fastlane de WWE RAW de esta noche.<!--more--><div id=\"ad-slot\" style=\"min-width: 300px; min-height: 250px;\">\r\n<p style=\"text-align: center;\">\r\n<script async src=\"https:\/\/pagead2.googlesyndication.com\/pagead\/js\/adsbygoogle.js\"><\/script>\r\n<!-- 300x250 sc a -->\r\n<ins class=\"adsbygoogle\"\r\n     style=\"display:inline-block;width:300px;height:250px\"\r\n     data-ad-client=\"ca-pub-1244235910658811\"\r\n     data-ad-slot=\"8592682546\"><\/ins>\r\n<script>\r\n     (adsbygoogle = window.adsbygoogle || []).push({});\r\n<\/script><\/center>\r\n<\/p><\/div><br \/>\nPWInsider se\u00f1al\u00f3 que durante el fin de semana se habl\u00f3 de que Flair podr\u00eda aparecer en el episodio de SmackDown en FOX de este viernes.<\/p>\n<p>No se proporcionaron otros detalles y no hay informaci\u00f3n sobre lo que podr\u00eda estar haciendo con la marca azul tan cerca de WrestleMania 37.<\/p>\n<p>Se rumoreaba que Flair iba a tener un combate de WrestleMania 37 contra la campeona femenina de RAW Asuka en un momento dado, pero queda por ver si ese sigue siendo el plan.<\/p>\n<p>Como se se\u00f1al\u00f3 anteriormente, la reciente ausencia de Flair frente a las c\u00e1maras de Raw no tiene nada que ver con la partida de su novio Andrade de la WWE ni con los pr\u00f3ximos roles de actuaci\u00f3n.<\/p>\n<h2>Trinidad le env\u00eda mensaje a Andrade<\/h2>\n<p><div id=\"ad-slot\" style=\"min-width: 300px; min-height: 250px;\"><p style=\"text-align: center;\">\r\n<script async src=\"https:\/\/pagead2.googlesyndication.com\/pagead\/js\/adsbygoogle.js\"><\/script>\r\n<!-- Responsive sc c -->\r\n<ins class=\"adsbygoogle\"\r\n     style=\"display:block\"\r\n     data-ad-client=\"ca-pub-1244235910658811\"\r\n     data-ad-slot=\"4234005358\"\r\n     data-ad-format=\"auto\"\r\n     data-full-width-responsive=\"true\"><\/ins>\r\n<script>\r\n     (adsbygoogle = window.adsbygoogle || []).push({});\r\n<\/script><\/p><\/div><br \/>\nThea Trinidad (Zelina Vega) public\u00f3 lo siguiente en Twitter tras conocerse que Andrade fue liberado de la WWE en la noche de ayer:<\/p>\n<blockquote class=\"twitter-tweet\">\n<p dir=\"ltr\" lang=\"en\">Since the moment I met you, I knew that you not only were an amazing person but also one of the most talented in this business and you\u2019d be successful no matter what. I\u2019m so grateful to know you, share these memories and have a brother for life. Love you hermano <a href=\"https:\/\/twitter.com\/hashtag\/TranquiloForLife?src=hash&amp;ref_src=twsrc%5Etfw\" target=\"_blank\" rel=\"noopener\">#TranquiloForLife<\/a> <a href=\"https:\/\/t.co\/K7LheONRVt\">https:\/\/t.co\/K7LheONRVt<\/a> <a href=\"https:\/\/t.co\/07iRFeK0Bd\">pic.twitter.com\/07iRFeK0Bd<\/a><\/p>\n<p>\u2014   (@TheaTrinidad) <a href=\"https:\/\/twitter.com\/TheaTrinidad\/status\/1374073151156539394?ref_src=twsrc%5Etfw\" target=\"_blank\" rel=\"noopener\">March 22, 2021<\/a><\/p><\/blockquote>\n<p><script async src=\"https:\/\/platform.twitter.com\/widgets.js\" charset=\"utf-8\"><\/script><\/p>\n","protected":false},"excerpt":{"rendered":"<p>Charlotte Flair no se encuentra actualmente en la edici\u00f3n posterior a Fastlane de WWE RAW de esta noche.<\/p>\n","protected":false},"author":1,"featured_media":118514,"comment_status":"open","ping_status":"closed","sticky":false,"template":"","format":"standard","meta":{"footnotes":""},"categories":[5,38],"tags":[],"class_list":{"0":"post-130454","1":"post","2":"type-post","3":"status-publish","4":"format-standard","5":"has-post-thumbnail","7":"category-noticias","8":"category-noticias-y-rumores-de-la-wwe"},"_links":{"self":[{"href":"https:\/\/www.prwrestling.com\/nw\/wp-json\/wp\/v2\/posts\/130454","targetHints":{"allow":["GET"]}}],"collection":[{"href":"https:\/\/www.prwrestling.com\/nw\/wp-json\/wp\/v2\/posts"}],"about":[{"href":"https:\/\/www.prwrestling.com\/nw\/wp-json\/wp\/v2\/types\/post"}],"author":[{"embeddable":true,"href":"https:\/\/www.prwrestling.com\/nw\/wp-json\/wp\/v2\/users\/1"}],"replies":[{"embeddable":true,"href":"https:\/\/www.prwrestling.com\/nw\/wp-json\/wp\/v2\/comments?post=130454"}],"version-history":[{"count":2,"href":"https:\/\/www.prwrestling.com\/nw\/wp-json\/wp\/v2\/posts\/130454\/revisions"}],"predecessor-version":[{"id":130456,"href":"https:\/\/www.prwrestling.com\/nw\/wp-json\/wp\/v2\/posts\/130454\/revisions\/130456"}],"wp:featuredmedia":[{"embeddable":true,"href":"https:\/\/www.prwrestling.com\/nw\/wp-json\/wp\/v2\/media\/118514"}],"wp:attachment":[{"href":"https:\/\/www.prwrestling.com\/nw\/wp-json\/wp\/v2\/media?parent=130454"}],"wp:term":[{"taxonomy":"category","embeddable":true,"href":"https:\/\/www.prwrestling.com\/nw\/wp-json\/wp\/v2\/categories?post=130454"},{"taxonomy":"post_tag","embeddable":true,"href":"https:\/\/www.prwrestling.com\/nw\/wp-json\/wp\/v2\/tags?post=130454"}],"curies":[{"name":"wp","href":"https:\/\/api.w.org\/{rel}","templated":true}]}}