{"id":130460,"date":"2021-03-23T18:59:00","date_gmt":"2021-03-23T22:59:00","guid":{"rendered":"https:\/\/www.prwrestling.com\/nw\/?p=130460"},"modified":"2021-03-23T19:01:34","modified_gmt":"2021-03-23T23:01:34","slug":"batista-anuncia-no-sera-parte-del-hall-of-fame-de-wwe","status":"publish","type":"post","link":"https:\/\/www.prwrestling.com\/nw\/batista-anuncia-no-sera-parte-del-hall-of-fame-de-wwe\/","title":{"rendered":"Batista anuncia no ser\u00e1 parte del Hall of Fame de WWE"},"content":{"rendered":"<p>El ex campe\u00f3n de la WWE Batista ha anunciado que no ser\u00e1 parte de la ceremonia de inducci\u00f3n al Sal\u00f3n de la Fama de la WWE este a\u00f1o.<!--more--><div id=\"ad-slot\" style=\"min-width: 300px; min-height: 250px;\">\r\n<p style=\"text-align: center;\">\r\n<!-- Site name: prwrestling.com\r\nZone name: prwrestling.com_banner_300x250\r\nZone id: 2109741734\r\nType: banner\r\nFormat: 300x250\r\n --> \r\n\r\n<!-- Copy and paste this code on the page. -->\r\n<div id='zone_2109741734' ><\/div>\r\n<script>\r\n    (function(w,d,o,g,r,a,m){\r\n        var cid='zone_2109741734';\r\n        w[r]=w[r]||function(){(w[r+'l']=w[r+'l']||[]).push(arguments)};\r\n        function e(b,w,r){if((w[r+'h']=b.pop())&&!w.ABN){\r\n            var a=d.createElement(o),p=d.getElementsByTagName(o)[0];a.async=1;\r\n            a.src='https:\/\/cdn.'+w[r+'h']+'\/libs\/e.js';a.onerror=function(){e(g,w,r)};\r\n            p.parentNode.insertBefore(a,p)}}e(g,w,r);\r\n        w[r](cid,{id:2109741734,domain:w[r+'h']});\r\n    })(window,document,'script',['traffmovie.com'],'ABNS');\r\n<\/script>\r\n\r\n<!--\r\nWhen setting the zone code, make sure:\r\n  - you have provided all domains from which the area code will be called\r\n  - the site does not limit the loading in the Content Security Policy\r\n  - the area code is installed in the ad space inside the page\r\n  - site layout allows you to display the banner on mobile devices in full size\r\nUse data-cp1={customParam1} data-cp2={customParam2}... attributes for sending custom params\r\n-->\r\n<\/p><\/div><br \/>\nWWE originalmente anunci\u00f3 a Batista para el Sal\u00f3n de la Fama de 2020, pero la ceremonia del a\u00f1o pasado fue cancelada debido a la pandemia de COVID-19. <\/p>\n<p>Luego se anunci\u00f3 este a\u00f1o que la Clase 2020 y la Clase 2021 se incorporar\u00edan juntas durante la semana de WrestleMania 37. Sin embargo, Batista fue eliminado de la lista la semana pasada, y el logotipo del Sal\u00f3n de la Fama fue retirado de su p\u00e1gina de la WWE.<\/p>\n<p>Batista confirm\u00f3 hoy que WWE lo incluir\u00e1 en una clase futura y dio sus razones.<\/p>\n<p>\u201cPara el @WWEUniverse Lamentablemente, debido a obligaciones anteriores, no puedo ser parte del @WWE #HOF este a\u00f1o. A petici\u00f3n m\u00eda, aceptaron incorporarme en una futura ceremonia en la que podr\u00e9 agradecer adecuadamente a los fans y a las personas que hicieron posible mi carrera #DreamChaser &#8220;, escribi\u00f3.<br \/>\n<div id=\"ad-slot\" style=\"min-width: 300px; min-height: 250px;\"><p style=\"text-align: center;\">\r\n<script async src=\"https:\/\/pagead2.googlesyndication.com\/pagead\/js\/adsbygoogle.js\"><\/script>\r\n<!-- Responsive sc c -->\r\n<ins class=\"adsbygoogle\"\r\n     style=\"display:block\"\r\n     data-ad-client=\"ca-pub-1244235910658811\"\r\n     data-ad-slot=\"4234005358\"\r\n     data-ad-format=\"auto\"\r\n     data-full-width-responsive=\"true\"><\/ins>\r\n<script>\r\n     (adsbygoogle = window.adsbygoogle || []).push({});\r\n<\/script><\/p><\/div><br \/>\nLa clase del Sal\u00f3n de la Fama 2020 ahora cuenta con The Bella Twins, JBL, Jushin Thunder Liger, &#8220;The British Bulldog&#8221; Davey Boy Smith y el nWo (Hulk Hogan, Scott Hall, Kevin Nash, Sean Waltman). La del 2021 tiene hasta el momento a Molly Holly y Eric Bischoff.<\/p>\n<p>A\u00fan no se sabe en qu\u00e9 a\u00f1o WWE podr\u00eda incorporar a Batista, pero la empresa ya tiene una cara &#8220;estelar&#8221; para encabezar cualquiera de las pr\u00f3ximas clases.<\/p>\n","protected":false},"excerpt":{"rendered":"<p>El ex campe\u00f3n de la WWE Batista ha anunciado que no ser\u00e1 parte de la ceremonia de inducci\u00f3n al Sal\u00f3n de la Fama de la WWE este a\u00f1o.<\/p>\n","protected":false},"author":1,"featured_media":114765,"comment_status":"open","ping_status":"closed","sticky":false,"template":"","format":"standard","meta":{"footnotes":""},"categories":[5,38],"tags":[1476,9],"class_list":["post-130460","post","type-post","status-publish","format-standard","has-post-thumbnail","category-noticias","category-noticias-y-rumores-de-la-wwe","tag-batista","tag-wwe"],"_links":{"self":[{"href":"https:\/\/www.prwrestling.com\/nw\/wp-json\/wp\/v2\/posts\/130460","targetHints":{"allow":["GET"]}}],"collection":[{"href":"https:\/\/www.prwrestling.com\/nw\/wp-json\/wp\/v2\/posts"}],"about":[{"href":"https:\/\/www.prwrestling.com\/nw\/wp-json\/wp\/v2\/types\/post"}],"author":[{"embeddable":true,"href":"https:\/\/www.prwrestling.com\/nw\/wp-json\/wp\/v2\/users\/1"}],"replies":[{"embeddable":true,"href":"https:\/\/www.prwrestling.com\/nw\/wp-json\/wp\/v2\/comments?post=130460"}],"version-history":[{"count":3,"href":"https:\/\/www.prwrestling.com\/nw\/wp-json\/wp\/v2\/posts\/130460\/revisions"}],"predecessor-version":[{"id":130463,"href":"https:\/\/www.prwrestling.com\/nw\/wp-json\/wp\/v2\/posts\/130460\/revisions\/130463"}],"wp:featuredmedia":[{"embeddable":true,"href":"https:\/\/www.prwrestling.com\/nw\/wp-json\/wp\/v2\/media\/114765"}],"wp:attachment":[{"href":"https:\/\/www.prwrestling.com\/nw\/wp-json\/wp\/v2\/media?parent=130460"}],"wp:term":[{"taxonomy":"category","embeddable":true,"href":"https:\/\/www.prwrestling.com\/nw\/wp-json\/wp\/v2\/categories?post=130460"},{"taxonomy":"post_tag","embeddable":true,"href":"https:\/\/www.prwrestling.com\/nw\/wp-json\/wp\/v2\/tags?post=130460"}],"curies":[{"name":"wp","href":"https:\/\/api.w.org\/{rel}","templated":true}]}}