{"id":130491,"date":"2021-03-25T17:03:24","date_gmt":"2021-03-25T21:03:24","guid":{"rendered":"https:\/\/www.prwrestling.com\/nw\/?p=130491"},"modified":"2021-03-25T17:03:24","modified_gmt":"2021-03-25T21:03:24","slug":"orlando-y-primo-por-poco-eran-los-puertorrican-playboys-en-wwe","status":"publish","type":"post","link":"https:\/\/www.prwrestling.com\/nw\/orlando-y-primo-por-poco-eran-los-puertorrican-playboys-en-wwe\/","title":{"rendered":"Orlando y Primo por poco eran los &#8220;Puertorrican Playboys&#8221; en WWE"},"content":{"rendered":"<p>En una entrevista reciente con Sporkspeeda, Orlando Col\u00f3n revel\u00f3 que antes de regresar como los Shining Stars a la WWE, hab\u00edan otros planes para \u00e9l y Primo de debutar bajo otra personalidad.<!--more--><div id=\"ad-slot\" style=\"min-width: 300px; min-height: 250px;\">\r\n<p style=\"text-align: center;\">\r\n<script async src=\"https:\/\/pagead2.googlesyndication.com\/pagead\/js\/adsbygoogle.js\"><\/script>\r\n<!-- 300x250 sc a -->\r\n<ins class=\"adsbygoogle\"\r\n     style=\"display:inline-block;width:300px;height:250px\"\r\n     data-ad-client=\"ca-pub-1244235910658811\"\r\n     data-ad-slot=\"8592682546\"><\/ins>\r\n<script>\r\n     (adsbygoogle = window.adsbygoogle || []).push({});\r\n<\/script><\/center>\r\n<\/p><\/div><br \/>\nEl actual luchador de WWC revel\u00f3 que luego de la corrida de los Matadores, \u00e9l y su primo iban en ruta a regresar como los \u201cPuertorrican Playboys\u201d.<\/p>\n<p>\u201cCuando veo el atuendo, eran trusas doradas con una camiseta y una t\u00fanica dorada y negra, \u00bfpara qu\u00e9 diablos es esto? Y luego nos dijeron que \u201c\u00bfpueden pedir botas doradas\u201d, est\u00e1 bien y luego, la semana siguiente nos dicen que nos iban a llamar los \u201cPuertorrican Playboys\u201d, van a ser la versi\u00f3n puertorrique\u00f1a de Hugh Hefner,\u201d dijo Col\u00f3n.<\/p>\n<p>\u201c\u00bfOh, hablas en serio?\u2019 as\u00ed que luego nos tomamos algunas fotos, y nos dijimos \u2018esto es brutal, los Matadores fracasaron, esto va a ser \u00e9pico.\u201d<br \/>\n<div id=\"ad-slot\" style=\"min-width: 300px; min-height: 250px;\"><p style=\"text-align: center;\">\r\n<script async src=\"https:\/\/pagead2.googlesyndication.com\/pagead\/js\/adsbygoogle.js\"><\/script>\r\n<!-- Responsive sc c -->\r\n<ins class=\"adsbygoogle\"\r\n     style=\"display:block\"\r\n     data-ad-client=\"ca-pub-1244235910658811\"\r\n     data-ad-slot=\"4234005358\"\r\n     data-ad-format=\"auto\"\r\n     data-full-width-responsive=\"true\"><\/ins>\r\n<script>\r\n     (adsbygoogle = window.adsbygoogle || []).push({});\r\n<\/script><\/p><\/div><br \/>\n\u201cAs\u00ed que afortunadamente a Vince no le gust\u00f3 al final el d\u00eda en que \u00edbamos a debutar, ya sabes, \u201cvuelvan a m\u00ed la semana que viene, haremos algo diferente en ese momento\u201d.<\/p>\n<p>\u201cEn ese punto s\u00f3lo quer\u00edamos volver a la televisi\u00f3n y trabajar as\u00ed que luego preguntamos, \u00bfqu\u00e9 tienes para nosotros? \u00c9l dice, \u201cChicos, me vender\u00e1n Puerto Rico!,\u201d expres\u00f3.<\/p>\n<p>Poco tiempo despu\u00e9s, Primo y Epico regresaron a la TV como los Shining Stars.<br \/>\n<iframe loading=\"lazy\" title=\"YouTube video player\" src=\"https:\/\/www.youtube.com\/embed\/Ccq-Q4z673E\" width=\"620\" height=\"465\" frameborder=\"0\" allowfullscreen=\"allowfullscreen\"><\/iframe><\/p>\n","protected":false},"excerpt":{"rendered":"<p>En una entrevista reciente con Sporkspeeda, Orlando Col\u00f3n revel\u00f3 que antes de regresar como los Shining Stars a la WWE, hab\u00edan otros planes para \u00e9l y Primo de debutar bajo otra personalidad.<\/p>\n","protected":false},"author":1,"featured_media":110005,"comment_status":"open","ping_status":"closed","sticky":false,"template":"","format":"standard","meta":{"footnotes":""},"categories":[5],"tags":[6752],"class_list":{"0":"post-130491","1":"post","2":"type-post","3":"status-publish","4":"format-standard","5":"has-post-thumbnail","7":"category-noticias","8":"tag-orlando-colon"},"_links":{"self":[{"href":"https:\/\/www.prwrestling.com\/nw\/wp-json\/wp\/v2\/posts\/130491","targetHints":{"allow":["GET"]}}],"collection":[{"href":"https:\/\/www.prwrestling.com\/nw\/wp-json\/wp\/v2\/posts"}],"about":[{"href":"https:\/\/www.prwrestling.com\/nw\/wp-json\/wp\/v2\/types\/post"}],"author":[{"embeddable":true,"href":"https:\/\/www.prwrestling.com\/nw\/wp-json\/wp\/v2\/users\/1"}],"replies":[{"embeddable":true,"href":"https:\/\/www.prwrestling.com\/nw\/wp-json\/wp\/v2\/comments?post=130491"}],"version-history":[{"count":0,"href":"https:\/\/www.prwrestling.com\/nw\/wp-json\/wp\/v2\/posts\/130491\/revisions"}],"wp:featuredmedia":[{"embeddable":true,"href":"https:\/\/www.prwrestling.com\/nw\/wp-json\/wp\/v2\/media\/110005"}],"wp:attachment":[{"href":"https:\/\/www.prwrestling.com\/nw\/wp-json\/wp\/v2\/media?parent=130491"}],"wp:term":[{"taxonomy":"category","embeddable":true,"href":"https:\/\/www.prwrestling.com\/nw\/wp-json\/wp\/v2\/categories?post=130491"},{"taxonomy":"post_tag","embeddable":true,"href":"https:\/\/www.prwrestling.com\/nw\/wp-json\/wp\/v2\/tags?post=130491"}],"curies":[{"name":"wp","href":"https:\/\/api.w.org\/{rel}","templated":true}]}}