{"id":130494,"date":"2021-03-25T22:19:49","date_gmt":"2021-03-26T02:19:49","guid":{"rendered":"https:\/\/www.prwrestling.com\/nw\/?p=130494"},"modified":"2021-03-25T22:19:49","modified_gmt":"2021-03-26T02:19:49","slug":"adam-pierce-no-tiene-interes-en-luchar-a-tiempo-completo-en-wwe","status":"publish","type":"post","link":"https:\/\/www.prwrestling.com\/nw\/adam-pierce-no-tiene-interes-en-luchar-a-tiempo-completo-en-wwe\/","title":{"rendered":"Adam Pierce no tiene inter\u00e9s en luchar a tiempo completo en WWE"},"content":{"rendered":"<p>El agente de la WWE y figura de autoridad televisiva Adam Pearce hizo una aparici\u00f3n en el podcast de PWI.<!--more--><div id=\"ad-slot\" style=\"min-width: 300px; min-height: 250px;\">\r\n<p style=\"text-align: center;\">\r\n<script async src=\"https:\/\/pagead2.googlesyndication.com\/pagead\/js\/adsbygoogle.js\"><\/script>\r\n<!-- 300x250 sc a -->\r\n<ins class=\"adsbygoogle\"\r\n     style=\"display:inline-block;width:300px;height:250px\"\r\n     data-ad-client=\"ca-pub-1244235910658811\"\r\n     data-ad-slot=\"8592682546\"><\/ins>\r\n<script>\r\n     (adsbygoogle = window.adsbygoogle || []).push({});\r\n<\/script><\/center>\r\n<\/p><\/div><br \/>\nDurante el mismo, habl\u00f3 sobre estar en la lucha estelar de SmackDown en enero, su primera &#8220;lucha&#8221; en la WWE tras muchos a\u00f1os de carrera como luchador independiente.<\/p>\n<p>Como recordamos, despu\u00e9s de que tuvo lugar un Gauntlet Match con Rey Mysterio, Sami Zayn, King Corbin, Daniel Bryan y Shinsuke Nakamura, se revel\u00f3 que Pearce ser\u00eda el competidor final.<\/p>\n<p>Esto llev\u00f3 a Roman Reigns y Jey Uso a eliminar a Nakamura, luego Uso venci\u00f3 a Pearce solo para que Pearce cubriera a Nakamura para convertirse en el nuevo contendiente # 1. Finalmente, Kevin Owens lo reemplaz\u00f3 y se enfrent\u00f3 a Reigns en el Royal Rumble.<\/p>\n<p>Ante estas apariciones se le pregunt\u00f3 si tiene como objetivo luchar m\u00e1s para la WWE.<br \/>\n<div id=\"ad-slot\" style=\"min-width: 300px; min-height: 250px;\"><p style=\"text-align: center;\">\r\n<script async src=\"https:\/\/pagead2.googlesyndication.com\/pagead\/js\/adsbygoogle.js\"><\/script>\r\n<!-- Responsive sc c -->\r\n<ins class=\"adsbygoogle\"\r\n     style=\"display:block\"\r\n     data-ad-client=\"ca-pub-1244235910658811\"\r\n     data-ad-slot=\"4234005358\"\r\n     data-ad-format=\"auto\"\r\n     data-full-width-responsive=\"true\"><\/ins>\r\n<script>\r\n     (adsbygoogle = window.adsbygoogle || []).push({});\r\n<\/script><\/p><\/div><br \/>\n\u201cNo tengo ning\u00fan inter\u00e9s en volver a ser un luchador a tiempo completo en mi vida. Cero. Menos que cero. Todo lo que est\u00e1 sucediendo y ha sucedido hasta este punto ha sido el proverbial clich\u00e9 &#8220;el dulce del pastel&#8221; en un sentido muy real y literal para m\u00ed.&#8221;<\/p>\n<p>&#8220;Estoy pasando el mejor momento de mi vida haciendo esto, sobre todo porque ya no tengo que hacerlo para ganarme la vida. Es realmente gratificante estar all\u00ed con los mejores de nuestra profesi\u00f3n, ya sea que se trate de Roman o de Paul Heyman. En el lado de Raw, tuve algunas interacciones con Randy Orton no hace mucho que podr\u00edan haber ido y a\u00fan pueden ir m\u00e1s lejos. Esta es la flor y nata de la cosecha y puedo ejercer mi oficio y hacer coincidir el ingenio y el sonido de espadas con estos tipos. Nunca pens\u00e9 que eso iba a pasar. Entonces, lo que sea que termine sucediendo es perfecto, dando la vuelta al c\u00edrculo completo si lo desea. Es asombroso,&#8221; dijo.<\/p>\n","protected":false},"excerpt":{"rendered":"<p>El agente de la WWE y figura de autoridad televisiva Adam Pearce hizo una aparici\u00f3n en el podcast de PWI.<\/p>\n","protected":false},"author":3,"featured_media":130495,"comment_status":"open","ping_status":"closed","sticky":false,"template":"","format":"standard","meta":{"footnotes":""},"categories":[5,38],"tags":[6370,9],"class_list":{"0":"post-130494","1":"post","2":"type-post","3":"status-publish","4":"format-standard","5":"has-post-thumbnail","7":"category-noticias","8":"category-noticias-y-rumores-de-la-wwe","9":"tag-adam-pierce","10":"tag-wwe"},"_links":{"self":[{"href":"https:\/\/www.prwrestling.com\/nw\/wp-json\/wp\/v2\/posts\/130494","targetHints":{"allow":["GET"]}}],"collection":[{"href":"https:\/\/www.prwrestling.com\/nw\/wp-json\/wp\/v2\/posts"}],"about":[{"href":"https:\/\/www.prwrestling.com\/nw\/wp-json\/wp\/v2\/types\/post"}],"author":[{"embeddable":true,"href":"https:\/\/www.prwrestling.com\/nw\/wp-json\/wp\/v2\/users\/3"}],"replies":[{"embeddable":true,"href":"https:\/\/www.prwrestling.com\/nw\/wp-json\/wp\/v2\/comments?post=130494"}],"version-history":[{"count":0,"href":"https:\/\/www.prwrestling.com\/nw\/wp-json\/wp\/v2\/posts\/130494\/revisions"}],"wp:featuredmedia":[{"embeddable":true,"href":"https:\/\/www.prwrestling.com\/nw\/wp-json\/wp\/v2\/media\/130495"}],"wp:attachment":[{"href":"https:\/\/www.prwrestling.com\/nw\/wp-json\/wp\/v2\/media?parent=130494"}],"wp:term":[{"taxonomy":"category","embeddable":true,"href":"https:\/\/www.prwrestling.com\/nw\/wp-json\/wp\/v2\/categories?post=130494"},{"taxonomy":"post_tag","embeddable":true,"href":"https:\/\/www.prwrestling.com\/nw\/wp-json\/wp\/v2\/tags?post=130494"}],"curies":[{"name":"wp","href":"https:\/\/api.w.org\/{rel}","templated":true}]}}