{"id":13050,"date":"2017-05-19T08:58:03","date_gmt":"2017-05-19T12:58:03","guid":{"rendered":"http:\/\/prwrestling.com\/nw\/?p=13050"},"modified":"2017-05-19T08:58:03","modified_gmt":"2017-05-19T12:58:03","slug":"luchadora-de-la-wwe-lista-para-regresar","status":"publish","type":"post","link":"https:\/\/www.prwrestling.com\/nw\/luchadora-de-la-wwe-lista-para-regresar\/","title":{"rendered":"LUCHADORA DE LA WWE LISTA PARA REGRESAR"},"content":{"rendered":"<p style=\"text-align: center;\"><a href=\"http:\/\/prwrestling.com\/nw\/wp-content\/uploads\/2016\/03\/Summer-Rae-summer-rae-37988072-1284-722.jpg\" target=\"_blank\" rel=\"noopener\"><img loading=\"lazy\" decoding=\"async\" class=\" wp-image-7184 aligncenter\" alt=\"Summer-Rae-summer-rae-37988072-1284-722\" src=\"http:\/\/prwrestling.com\/nw\/wp-content\/uploads\/2016\/03\/Summer-Rae-summer-rae-37988072-1284-722.jpg\" width=\"462\" height=\"260\" srcset=\"https:\/\/www.prwrestling.com\/nw\/wp-content\/uploads\/2016\/03\/Summer-Rae-summer-rae-37988072-1284-722.jpg 1284w, https:\/\/www.prwrestling.com\/nw\/wp-content\/uploads\/2016\/03\/Summer-Rae-summer-rae-37988072-1284-722-300x168.jpg 300w, https:\/\/www.prwrestling.com\/nw\/wp-content\/uploads\/2016\/03\/Summer-Rae-summer-rae-37988072-1284-722-1024x575.jpg 1024w\" sizes=\"auto, (max-width: 462px) 100vw, 462px\" \/><\/a><\/p>\n<p>Summer Rae ha sido autorizada para volver a la acci\u00f3n dentro del ring. <!--more-->Dave Meltzer inform\u00f3 en la \u00faltima edici\u00f3n de Wrestling Observer Radio que ella est\u00e1 sanada de su lesi\u00f3n y estuvo presente en las grabaciones de televisi\u00f3n la semana pasada.<\/p>\n<p style=\"text-align: center;\">Contin\u00faa abajo<br \/>\n<script type=\"text\/javascript\" src=\"\/\/pagead2.googlesyndication.com\/pagead\/js\/adsbygoogle.js\" async=\"\"><\/script><!-- 300x250 en medio de portajes (manual placement) --> <ins class=\"adsbygoogle\" style=\"display: inline-block; width: 300px; height: 250px;\" data-ad-client=\"ca-pub-1244235910658811\" data-ad-slot=\"8592682546\"><\/ins><script type=\"text\/javascript\">\/\/ <![CDATA[\n(adsbygoogle = window.adsbygoogle || []).push({});\n\/\/ ]]><\/script><\/p>\n<p>Rae ha estado fuera de acci\u00f3n desde agosto pasado debido a lesiones en el cuello y la espalda. Ella estaba entrenando en el WWE Performance Center en Orlando desde marzo.<\/p>\n<p>Meltzer especul\u00f3 que WWE puede estar manteni\u00e9ndola fuera de la televisi\u00f3n porque la compa\u00f1\u00eda tiene un n\u00famero par de mujeres en cada marca.<\/p>\n<p>Sin embargo, cabe se\u00f1alar que con el inminente debut de Lana y la lesi\u00f3n reciente de Emma, ambas marcas necesitan una mujer m\u00e1s para igualar la divisi\u00f3n de sus respectivas mujeres activas.<\/p>\n<p style=\"text-align: center;\">Opina abajo<br \/>\n<script type=\"text\/javascript\" src=\"\/\/pagead2.googlesyndication.com\/pagead\/js\/adsbygoogle.js\" async=\"\"><\/script><!-- 300x250 derecha main page --> <ins class=\"adsbygoogle\" style=\"display: inline-block; width: 300px; height: 250px;\" data-ad-client=\"ca-pub-1244235910658811\" data-ad-slot=\"1988061967\"><\/ins><script type=\"text\/javascript\">\/\/ <![CDATA[\n(adsbygoogle = window.adsbygoogle || []).push({});\n\/\/ ]]><\/script><\/p>\n","protected":false},"excerpt":{"rendered":"<p>Summer Rae ha sido autorizada para volver a la acci\u00f3n dentro del ring.<\/p>\n","protected":false},"author":3,"featured_media":7184,"comment_status":"closed","ping_status":"closed","sticky":false,"template":"","format":"standard","meta":{"footnotes":""},"categories":[5],"tags":[],"class_list":{"0":"post-13050","1":"post","2":"type-post","3":"status-publish","4":"format-standard","5":"has-post-thumbnail","7":"category-noticias"},"_links":{"self":[{"href":"https:\/\/www.prwrestling.com\/nw\/wp-json\/wp\/v2\/posts\/13050","targetHints":{"allow":["GET"]}}],"collection":[{"href":"https:\/\/www.prwrestling.com\/nw\/wp-json\/wp\/v2\/posts"}],"about":[{"href":"https:\/\/www.prwrestling.com\/nw\/wp-json\/wp\/v2\/types\/post"}],"author":[{"embeddable":true,"href":"https:\/\/www.prwrestling.com\/nw\/wp-json\/wp\/v2\/users\/3"}],"replies":[{"embeddable":true,"href":"https:\/\/www.prwrestling.com\/nw\/wp-json\/wp\/v2\/comments?post=13050"}],"version-history":[{"count":1,"href":"https:\/\/www.prwrestling.com\/nw\/wp-json\/wp\/v2\/posts\/13050\/revisions"}],"predecessor-version":[{"id":13052,"href":"https:\/\/www.prwrestling.com\/nw\/wp-json\/wp\/v2\/posts\/13050\/revisions\/13052"}],"wp:featuredmedia":[{"embeddable":true,"href":"https:\/\/www.prwrestling.com\/nw\/wp-json\/wp\/v2\/media\/7184"}],"wp:attachment":[{"href":"https:\/\/www.prwrestling.com\/nw\/wp-json\/wp\/v2\/media?parent=13050"}],"wp:term":[{"taxonomy":"category","embeddable":true,"href":"https:\/\/www.prwrestling.com\/nw\/wp-json\/wp\/v2\/categories?post=13050"},{"taxonomy":"post_tag","embeddable":true,"href":"https:\/\/www.prwrestling.com\/nw\/wp-json\/wp\/v2\/tags?post=13050"}],"curies":[{"name":"wp","href":"https:\/\/api.w.org\/{rel}","templated":true}]}}