{"id":130538,"date":"2021-03-28T10:54:39","date_gmt":"2021-03-28T14:54:39","guid":{"rendered":"https:\/\/www.prwrestling.com\/nw\/?p=130538"},"modified":"2024-05-19T09:50:27","modified_gmt":"2024-05-19T13:50:27","slug":"x-pac-revela-bischoff-iba-a-entrar-con-la-nwo-al-salon-el-ano-pasado","status":"publish","type":"post","link":"https:\/\/www.prwrestling.com\/nw\/x-pac-revela-bischoff-iba-a-entrar-con-la-nwo-al-salon-el-ano-pasado\/","title":{"rendered":"X Pac revela Bischoff iba a entrar con la NWO al Sal\u00f3n el a\u00f1o pasado"},"content":{"rendered":"<p>WWE no pudo realizar una ceremonia del Sal\u00f3n de la Fama el a\u00f1o pasado debido a la pandemia de COVID-19.<!--more--> Esto caus\u00f3 un gran problema con la clase de 2020, pero est\u00e1n recibiendo su inducci\u00f3n este a\u00f1o.<div id=\"ad-slot\" style=\"min-width: 300px; min-height: 250px;\">\r\n<p style=\"text-align: center;\">\r\n<script async src=\"https:\/\/pagead2.googlesyndication.com\/pagead\/js\/adsbygoogle.js\"><\/script>\r\n<!-- 300x250 sc a -->\r\n<ins class=\"adsbygoogle\"\r\n     style=\"display:inline-block;width:300px;height:250px\"\r\n     data-ad-client=\"ca-pub-1244235910658811\"\r\n     data-ad-slot=\"8592682546\"><\/ins>\r\n<script>\r\n     (adsbygoogle = window.adsbygoogle || []).push({});\r\n<\/script><\/center>\r\n<\/p><\/div><br \/>\nEric Bischoff entrar\u00e1 en la clase de 2021 y mientras hablaba con Busted Open Radio, X-Pac revel\u00f3 que hab\u00edan planes de sorprender a Easy E con una inducci\u00f3n al Sal\u00f3n de la Fama de la WWE como parte de la nWo el a\u00f1o pasado.<\/p>\n<p>\u201cEstoy muy contento de que est\u00e9n poniendo a Eric Bischoff en el Sal\u00f3n de la Fama de la WWE. Hablando de eso, lo \u00edbamos a sorprender el a\u00f1o pasado. De hecho, iba a entrar con nosotros. Me alegro de que no hayan intentado hacer eso porque una persona deber\u00eda saberlo de antemano, no solo aparecer y decir: &#8220;Oye, por cierto, ven aqu\u00ed y toma tu anillo,&#8221; dijo.<\/p>\n<p>El nWo estaba programado para ingresar al Sal\u00f3n de la Fama de la WWE el a\u00f1o pasado con Hollywood Hogan, Scott Hall, Kevin Nash y X-Pac, pero ahora suceder\u00e1 el 6 de abril. Muchos fan\u00e1ticos se preguntaron por qu\u00e9 Bischoff fue desairado el a\u00f1o pasado pero ya sabemos que no estaba fuera de los planes por completo.<\/p>\n","protected":false},"excerpt":{"rendered":"<p>WWE no pudo realizar una ceremonia del Sal\u00f3n de la Fama el a\u00f1o pasado debido a la pandemia de COVID-19.<\/p>\n","protected":false},"author":1,"featured_media":130539,"comment_status":"open","ping_status":"closed","sticky":false,"template":"","format":"standard","meta":{"footnotes":""},"categories":[5,38],"tags":[7583,6765],"class_list":{"0":"post-130538","1":"post","2":"type-post","3":"status-publish","4":"format-standard","5":"has-post-thumbnail","7":"category-noticias","8":"category-noticias-y-rumores-de-la-wwe","9":"tag-nwo","10":"tag-x-pac"},"_links":{"self":[{"href":"https:\/\/www.prwrestling.com\/nw\/wp-json\/wp\/v2\/posts\/130538","targetHints":{"allow":["GET"]}}],"collection":[{"href":"https:\/\/www.prwrestling.com\/nw\/wp-json\/wp\/v2\/posts"}],"about":[{"href":"https:\/\/www.prwrestling.com\/nw\/wp-json\/wp\/v2\/types\/post"}],"author":[{"embeddable":true,"href":"https:\/\/www.prwrestling.com\/nw\/wp-json\/wp\/v2\/users\/1"}],"replies":[{"embeddable":true,"href":"https:\/\/www.prwrestling.com\/nw\/wp-json\/wp\/v2\/comments?post=130538"}],"version-history":[{"count":1,"href":"https:\/\/www.prwrestling.com\/nw\/wp-json\/wp\/v2\/posts\/130538\/revisions"}],"predecessor-version":[{"id":262774,"href":"https:\/\/www.prwrestling.com\/nw\/wp-json\/wp\/v2\/posts\/130538\/revisions\/262774"}],"wp:featuredmedia":[{"embeddable":true,"href":"https:\/\/www.prwrestling.com\/nw\/wp-json\/wp\/v2\/media\/130539"}],"wp:attachment":[{"href":"https:\/\/www.prwrestling.com\/nw\/wp-json\/wp\/v2\/media?parent=130538"}],"wp:term":[{"taxonomy":"category","embeddable":true,"href":"https:\/\/www.prwrestling.com\/nw\/wp-json\/wp\/v2\/categories?post=130538"},{"taxonomy":"post_tag","embeddable":true,"href":"https:\/\/www.prwrestling.com\/nw\/wp-json\/wp\/v2\/tags?post=130538"}],"curies":[{"name":"wp","href":"https:\/\/api.w.org\/{rel}","templated":true}]}}