{"id":130547,"date":"2021-03-29T10:47:35","date_gmt":"2021-03-29T14:47:35","guid":{"rendered":"https:\/\/www.prwrestling.com\/nw\/?p=130547"},"modified":"2021-03-29T10:47:35","modified_gmt":"2021-03-29T14:47:35","slug":"oficial-rvd-al-salon-de-la-fama-wwe-el-luchador-reacciona","status":"publish","type":"post","link":"https:\/\/www.prwrestling.com\/nw\/oficial-rvd-al-salon-de-la-fama-wwe-el-luchador-reacciona\/","title":{"rendered":"Oficial: RVD al Sal\u00f3n de la Fama WWE; El luchador reacciona"},"content":{"rendered":"<p>RVD ha sido confirmado para la clase del Sal\u00f3n de la Fama de la WWE de 2021. <!--more--><\/p>\n<p>The Whole F\u2019n Show habl\u00f3 con <a href=\"https:\/\/www.foxsports.com\/stories\/wwe\/rob-van-dam-confirms-wwe-hall-fame-induction-interview\" target=\"_blank\" rel=\"noopener\">Fox Sports<\/a> sobre la inducci\u00f3n:<br \/>\n<div id=\"ad-slot\" style=\"min-width: 300px; min-height: 250px;\">\r\n<p style=\"text-align: center;\">\r\n<script async src=\"https:\/\/pagead2.googlesyndication.com\/pagead\/js\/adsbygoogle.js\"><\/script>\r\n<!-- 300x250 sc a -->\r\n<ins class=\"adsbygoogle\"\r\n     style=\"display:inline-block;width:300px;height:250px\"\r\n     data-ad-client=\"ca-pub-1244235910658811\"\r\n     data-ad-slot=\"8592682546\"><\/ins>\r\n<script>\r\n     (adsbygoogle = window.adsbygoogle || []).push({});\r\n<\/script><\/center>\r\n<\/p><\/div><br \/>\n\u201cEs una sensaci\u00f3n bastante impresionante. Tal como probablemente se imagina, se siente como si estuviera siendo reconocido y apreciado por mi trabajo. Se siente muy bien. Me siento honrado. &#8221;<\/p>\n<p>\u201c[Los fan\u00e1ticos] me han estado llamando futuro miembro del Sal\u00f3n de la Fama durante a\u00f1os y siempre me encojo de hombros y digo: &#8216;Est\u00e1 bien, hombre. Siempre y cuando lo crea &#8220;. Pero, me alegro de estar entre los pocos elegidos este a\u00f1o&#8221;.<\/p>\n<p>\u201cMe alegro por m\u00ed y por todos los aficionados. Siento que ellos est\u00e1n detr\u00e1s de m\u00ed y querer que esto suceda tambi\u00e9n es una victoria para ellos,&#8221; dijo.<\/p>\n<blockquote class=\"twitter-tweet\">\n<p lang=\"en\" dir=\"ltr\">BREAKING: As first reported by <a href=\"https:\/\/twitter.com\/FOXSports?ref_src=twsrc%5Etfw\" target=\"_blank\" rel=\"noopener\">@FOXSports<\/a>, <a href=\"https:\/\/twitter.com\/TherealRVD?ref_src=twsrc%5Etfw\" target=\"_blank\" rel=\"noopener\">@TherealRVD<\/a> is the latest inductee in the WWE Hall of Fame Class of 2021! <a href=\"https:\/\/twitter.com\/hashtag\/WWEHOF?src=hash&amp;ref_src=twsrc%5Etfw\" target=\"_blank\" rel=\"noopener\">#WWEHOF<\/a> <a href=\"https:\/\/t.co\/hUMbomRPm9\">https:\/\/t.co\/hUMbomRPm9<\/a><\/p>\n<p>&mdash; WWE (@WWE) <a href=\"https:\/\/twitter.com\/WWE\/status\/1376537663692476418?ref_src=twsrc%5Etfw\" target=\"_blank\" rel=\"noopener\">March 29, 2021<\/a><\/p><\/blockquote>\n<p> <script async src=\"https:\/\/platform.twitter.com\/widgets.js\" charset=\"utf-8\"><\/script><\/p>\n","protected":false},"excerpt":{"rendered":"<p>RVD ha sido confirmado para la clase del Sal\u00f3n de la Fama de la WWE de 2021.<\/p>\n","protected":false},"author":3,"featured_media":121489,"comment_status":"open","ping_status":"closed","sticky":false,"template":"","format":"standard","meta":{"footnotes":""},"categories":[5,38],"tags":[3533],"class_list":{"0":"post-130547","1":"post","2":"type-post","3":"status-publish","4":"format-standard","5":"has-post-thumbnail","7":"category-noticias","8":"category-noticias-y-rumores-de-la-wwe","9":"tag-rob-van-dam"},"_links":{"self":[{"href":"https:\/\/www.prwrestling.com\/nw\/wp-json\/wp\/v2\/posts\/130547","targetHints":{"allow":["GET"]}}],"collection":[{"href":"https:\/\/www.prwrestling.com\/nw\/wp-json\/wp\/v2\/posts"}],"about":[{"href":"https:\/\/www.prwrestling.com\/nw\/wp-json\/wp\/v2\/types\/post"}],"author":[{"embeddable":true,"href":"https:\/\/www.prwrestling.com\/nw\/wp-json\/wp\/v2\/users\/3"}],"replies":[{"embeddable":true,"href":"https:\/\/www.prwrestling.com\/nw\/wp-json\/wp\/v2\/comments?post=130547"}],"version-history":[{"count":1,"href":"https:\/\/www.prwrestling.com\/nw\/wp-json\/wp\/v2\/posts\/130547\/revisions"}],"predecessor-version":[{"id":130548,"href":"https:\/\/www.prwrestling.com\/nw\/wp-json\/wp\/v2\/posts\/130547\/revisions\/130548"}],"wp:featuredmedia":[{"embeddable":true,"href":"https:\/\/www.prwrestling.com\/nw\/wp-json\/wp\/v2\/media\/121489"}],"wp:attachment":[{"href":"https:\/\/www.prwrestling.com\/nw\/wp-json\/wp\/v2\/media?parent=130547"}],"wp:term":[{"taxonomy":"category","embeddable":true,"href":"https:\/\/www.prwrestling.com\/nw\/wp-json\/wp\/v2\/categories?post=130547"},{"taxonomy":"post_tag","embeddable":true,"href":"https:\/\/www.prwrestling.com\/nw\/wp-json\/wp\/v2\/tags?post=130547"}],"curies":[{"name":"wp","href":"https:\/\/api.w.org\/{rel}","templated":true}]}}