{"id":130626,"date":"2021-04-03T09:04:43","date_gmt":"2021-04-03T13:04:43","guid":{"rendered":"https:\/\/www.prwrestling.com\/nw\/?p=130626"},"modified":"2021-04-03T09:10:17","modified_gmt":"2021-04-03T13:10:17","slug":"andrade-comenta-sobre-la-representacion-latina-en-el-andre-battle-royal","status":"publish","type":"post","link":"https:\/\/www.prwrestling.com\/nw\/andrade-comenta-sobre-la-representacion-latina-en-el-andre-battle-royal\/","title":{"rendered":"Andrade comenta sobre la representaci\u00f3n latina en el Andre Battle Royal"},"content":{"rendered":"<p>WWE celebrar\u00e1 una tradici\u00f3n de WrestleMania en SmackDown la pr\u00f3xima semana.<!--more--><div id=\"ad-slot\" style=\"min-width: 300px; min-height: 250px;\">\r\n<p style=\"text-align: center;\">\r\n<script async src=\"https:\/\/pagead2.googlesyndication.com\/pagead\/js\/adsbygoogle.js\"><\/script>\r\n<!-- 300x250 sc a -->\r\n<ins class=\"adsbygoogle\"\r\n     style=\"display:inline-block;width:300px;height:250px\"\r\n     data-ad-client=\"ca-pub-1244235910658811\"\r\n     data-ad-slot=\"8592682546\"><\/ins>\r\n<script>\r\n     (adsbygoogle = window.adsbygoogle || []).push({});\r\n<\/script><\/center>\r\n<\/p><\/div>Aunque no van a tener la Batalla campal anual &#8220;Andre The Giant Memorial&#8221; en WrestleMania, esta ser\u00e1 celebrada el viernes en Smackdown como antesala al evento de principal de la WWE.<\/p>\n<p>Andrade vio la alineaci\u00f3n de superestrellas programada para el &#8220;Andre The Giant Memorial Battle Royal&#8221; y coment\u00f3 sobre los cinco luchadores latinos en el combate.<\/p>\n<p>&#8220;5 latinos. Really !!!! Enserio! @AngelGarzaWwe @humberto_wwe @KalistoWWE @LuchadorLD @WWEGranMetalik I hope and one of you win. Espero y alguno de ustedes se lleve el triunfo.&#8221;<br \/>\n<div id=\"ad-slot\" style=\"min-width: 300px; min-height: 250px;\"><p style=\"text-align: center;\">\r\n<script async src=\"https:\/\/pagead2.googlesyndication.com\/pagead\/js\/adsbygoogle.js\"><\/script>\r\n<!-- Responsive sc c -->\r\n<ins class=\"adsbygoogle\"\r\n     style=\"display:block\"\r\n     data-ad-client=\"ca-pub-1244235910658811\"\r\n     data-ad-slot=\"4234005358\"\r\n     data-ad-format=\"auto\"\r\n     data-full-width-responsive=\"true\"><\/ins>\r\n<script>\r\n     (adsbygoogle = window.adsbygoogle || []).push({});\r\n<\/script><\/p><\/div><br \/>\nAunque el ahora ex luchador de la WWE ve esta representaci\u00f3n como algo bueno, muchos a su vez podr\u00edan cuestionar por qu\u00e9 algunos de estos talentos no lograron tener un puesto dentro del mismo WrestleMania, cual se lleva a cabo a trav\u00e9s de dos noches desde Tampa, Florida.<\/p>\n<blockquote class=\"twitter-tweet\">\n<p dir=\"ltr\" lang=\"es\">5 latinos. Really!!!! Enserio ! <a href=\"https:\/\/twitter.com\/AngelGarzaWwe?ref_src=twsrc%5Etfw\" target=\"_blank\" rel=\"noopener\">@AngelGarzaWwe<\/a> <a href=\"https:\/\/twitter.com\/humberto_wwe?ref_src=twsrc%5Etfw\" target=\"_blank\" rel=\"noopener\">@humberto_wwe<\/a> <a href=\"https:\/\/twitter.com\/KalistoWWE?ref_src=twsrc%5Etfw\" target=\"_blank\" rel=\"noopener\">@KalistoWWE<\/a> <a href=\"https:\/\/twitter.com\/LuchadorLD?ref_src=twsrc%5Etfw\" target=\"_blank\" rel=\"noopener\">@LuchadorLD<\/a> <a href=\"https:\/\/twitter.com\/WWEGranMetalik?ref_src=twsrc%5Etfw\" target=\"_blank\" rel=\"noopener\">@WWEGranMetalik<\/a> I hope and one of you win. Espero y alguno de ustedes se lleve el triunfo. <a href=\"https:\/\/twitter.com\/mas_lucha?ref_src=twsrc%5Etfw\" target=\"_blank\" rel=\"noopener\">@mas_lucha<\/a> <a href=\"https:\/\/twitter.com\/luchalibreonlin?ref_src=twsrc%5Etfw\" target=\"_blank\" rel=\"noopener\">@luchalibreonlin<\/a> <a href=\"https:\/\/twitter.com\/AztecaDeportes?ref_src=twsrc%5Etfw\" target=\"_blank\" rel=\"noopener\">@AztecaDeportes<\/a> <a href=\"https:\/\/twitter.com\/TUDNMEX?ref_src=twsrc%5Etfw\" target=\"_blank\" rel=\"noopener\">@TUDNMEX<\/a> <a href=\"https:\/\/twitter.com\/Superluchas?ref_src=twsrc%5Etfw\" target=\"_blank\" rel=\"noopener\">@Superluchas<\/a> <a href=\"https:\/\/t.co\/ReUK1Hpdyi\">https:\/\/t.co\/ReUK1Hpdyi<\/a><\/p>\n<p>\u2014 \u201cEL IDOLO\u201d ANDRADE (@AndradeElIdolo) <a href=\"https:\/\/twitter.com\/AndradeElIdolo\/status\/1378318634288881664?ref_src=twsrc%5Etfw\" target=\"_blank\" rel=\"noopener\">April 3, 2021<\/a><\/p><\/blockquote>\n<p><script async src=\"https:\/\/platform.twitter.com\/widgets.js\" charset=\"utf-8\"><\/script><\/p>\n","protected":false},"excerpt":{"rendered":"<p>WWE celebrar\u00e1 una tradici\u00f3n de WrestleMania en SmackDown la pr\u00f3xima semana.<\/p>\n","protected":false},"author":1,"featured_media":130629,"comment_status":"open","ping_status":"closed","sticky":false,"template":"","format":"standard","meta":{"footnotes":""},"categories":[5,38],"tags":[1965,9],"class_list":{"0":"post-130626","1":"post","2":"type-post","3":"status-publish","4":"format-standard","5":"has-post-thumbnail","7":"category-noticias","8":"category-noticias-y-rumores-de-la-wwe","9":"tag-andrade","10":"tag-wwe"},"_links":{"self":[{"href":"https:\/\/www.prwrestling.com\/nw\/wp-json\/wp\/v2\/posts\/130626","targetHints":{"allow":["GET"]}}],"collection":[{"href":"https:\/\/www.prwrestling.com\/nw\/wp-json\/wp\/v2\/posts"}],"about":[{"href":"https:\/\/www.prwrestling.com\/nw\/wp-json\/wp\/v2\/types\/post"}],"author":[{"embeddable":true,"href":"https:\/\/www.prwrestling.com\/nw\/wp-json\/wp\/v2\/users\/1"}],"replies":[{"embeddable":true,"href":"https:\/\/www.prwrestling.com\/nw\/wp-json\/wp\/v2\/comments?post=130626"}],"version-history":[{"count":2,"href":"https:\/\/www.prwrestling.com\/nw\/wp-json\/wp\/v2\/posts\/130626\/revisions"}],"predecessor-version":[{"id":130632,"href":"https:\/\/www.prwrestling.com\/nw\/wp-json\/wp\/v2\/posts\/130626\/revisions\/130632"}],"wp:featuredmedia":[{"embeddable":true,"href":"https:\/\/www.prwrestling.com\/nw\/wp-json\/wp\/v2\/media\/130629"}],"wp:attachment":[{"href":"https:\/\/www.prwrestling.com\/nw\/wp-json\/wp\/v2\/media?parent=130626"}],"wp:term":[{"taxonomy":"category","embeddable":true,"href":"https:\/\/www.prwrestling.com\/nw\/wp-json\/wp\/v2\/categories?post=130626"},{"taxonomy":"post_tag","embeddable":true,"href":"https:\/\/www.prwrestling.com\/nw\/wp-json\/wp\/v2\/tags?post=130626"}],"curies":[{"name":"wp","href":"https:\/\/api.w.org\/{rel}","templated":true}]}}