{"id":130683,"date":"2021-04-06T23:14:13","date_gmt":"2021-04-07T03:14:13","guid":{"rendered":"https:\/\/www.prwrestling.com\/nw\/?p=130683"},"modified":"2021-04-06T23:14:13","modified_gmt":"2021-04-07T03:14:13","slug":"notas-de-la-ceremonia-wwe-hall-of-fame-clase-2021","status":"publish","type":"post","link":"https:\/\/www.prwrestling.com\/nw\/notas-de-la-ceremonia-wwe-hall-of-fame-clase-2021\/","title":{"rendered":"Notas de la ceremonia WWE Hall of Fame Clase 2021"},"content":{"rendered":"<p>WWE celebr\u00f3 la ceremonia de incorporaci\u00f3n al Sal\u00f3n de la Fama Clase 2021 desde el Tropicana Field en St. Petersburg, Florida. <!--more--><div id=\"ad-slot\" style=\"min-width: 300px; min-height: 250px;\">\r\n<p style=\"text-align: center;\">\r\n<script async src=\"https:\/\/pagead2.googlesyndication.com\/pagead\/js\/adsbygoogle.js\"><\/script>\r\n<!-- 300x250 sc a -->\r\n<ins class=\"adsbygoogle\"\r\n     style=\"display:inline-block;width:300px;height:250px\"\r\n     data-ad-client=\"ca-pub-1244235910658811\"\r\n     data-ad-slot=\"8592682546\"><\/ins>\r\n<script>\r\n     (adsbygoogle = window.adsbygoogle || []).push({});\r\n<\/script><\/center>\r\n<\/p><\/div><br \/>\nEn esta fueron exaltados RVD, Kane, Molly Holly, Great Khali (virtual), Ozzy Osbourne (virtual), Rich Hering (Warrior Award) y Eric Bischoff. Algunas notas:<\/p>\n<p><strong>RVD<\/strong> record\u00f3 c\u00f3mo fue a una firma de aut\u00f3grafos el d\u00eda despu\u00e9s de la muerte de su padre. Estaba pensando si deb\u00eda firmar o ir con su familia. Fue a la firma y decidi\u00f3 no contarle a nadie sobre su padre, simplemente aprovech\u00f3 su energ\u00eda positiva y sinti\u00f3 tanto amor, tanta emoci\u00f3n, que lo ayud\u00f3 a salir del agujero en el que estaba.<\/p>\n<blockquote class=\"twitter-tweet\">\n<p dir=\"ltr\" lang=\"en\">.<a href=\"https:\/\/twitter.com\/TherealRVD?ref_src=twsrc%5Etfw\" target=\"_blank\" rel=\"noopener\">@TherealRVD<\/a> was truly &#8220;one of a kind!&#8221;<\/p>\n<p>&#x1f44f;&#x1f44f;&#x1f44f;<a href=\"https:\/\/twitter.com\/hashtag\/WWEHOF?src=hash&amp;ref_src=twsrc%5Etfw\" target=\"_blank\" rel=\"noopener\">#WWEHOF<\/a> <a href=\"https:\/\/twitter.com\/hashtag\/RVD?src=hash&amp;ref_src=twsrc%5Etfw\" target=\"_blank\" rel=\"noopener\">#RVD<\/a> <a href=\"https:\/\/t.co\/rTBHwYTkrN\">pic.twitter.com\/rTBHwYTkrN<\/a><\/p>\n<p>\u2014 WWE (@WWE) <a href=\"https:\/\/twitter.com\/WWE\/status\/1379612008493023234?ref_src=twsrc%5Etfw\" target=\"_blank\" rel=\"noopener\">April 7, 2021<\/a><\/p><\/blockquote>\n<p><script async src=\"https:\/\/platform.twitter.com\/widgets.js\" charset=\"utf-8\"><\/script><br \/>\n<strong>Eric Bischoff<\/strong> en una referencia a un segmento RAW de 2002 con Three Minute Warning y Billy &amp; Chuck, dijo: &#8220;Esperen un minuto, \u00bfacabo de escucharme a m\u00ed mismo decir 3 minutos?&#8221; y se\u00f1ala al cielo en homenaje a Rosey y Umaga.<\/p>\n<blockquote class=\"twitter-tweet\">\n<p dir=\"ltr\" lang=\"en\">.<a href=\"https:\/\/twitter.com\/EBischoff?ref_src=twsrc%5Etfw\" target=\"_blank\" rel=\"noopener\">@EBischoff<\/a> is thankful for the &#8220;giants&#8221; that provided him the journey of a lifetime!<a href=\"https:\/\/twitter.com\/hashtag\/WWEHOF?src=hash&amp;ref_src=twsrc%5Etfw\" target=\"_blank\" rel=\"noopener\">#WWEHOF<\/a> <a href=\"https:\/\/t.co\/1Fq2PYnoQe\">pic.twitter.com\/1Fq2PYnoQe<\/a><\/p>\n<p>\u2014 WWE (@WWE) <a href=\"https:\/\/twitter.com\/WWE\/status\/1379623206156390401?ref_src=twsrc%5Etfw\" target=\"_blank\" rel=\"noopener\">April 7, 2021<\/a><\/p><\/blockquote>\n<p><script async src=\"https:\/\/platform.twitter.com\/widgets.js\" charset=\"utf-8\"><\/script><br \/>\n<strong>Anunciaron a los miembros del Legacy Wing 2021<\/strong>: Dick The Bruiser, Pez Whatley, Buzz Sawyer, Ethel Johnson, y Paul Boesch.<br \/>\n<div id=\"ad-slot\" style=\"min-width: 300px; min-height: 250px;\"><p style=\"text-align: center;\">\r\n<script async src=\"https:\/\/pagead2.googlesyndication.com\/pagead\/js\/adsbygoogle.js\"><\/script>\r\n<!-- Responsive sc c -->\r\n<ins class=\"adsbygoogle\"\r\n     style=\"display:block\"\r\n     data-ad-client=\"ca-pub-1244235910658811\"\r\n     data-ad-slot=\"4234005358\"\r\n     data-ad-format=\"auto\"\r\n     data-full-width-responsive=\"true\"><\/ins>\r\n<script>\r\n     (adsbygoogle = window.adsbygoogle || []).push({});\r\n<\/script><\/p><\/div><br \/>\n<strong>Kane<\/strong> agradeci\u00f3 a sus padres y algunas personas en su carrera, entre estos Dutch Mantell y Undertaker. Tambi\u00e9n se disculp\u00f3 con Jim Ross por quemarlo. Dijo que si \u00e9l pudo llegar a ser luchador, alcalde y hall of famer, con empuje y determinaci\u00f3n todo el mundo lo puede hacer.<\/p>\n<p>Al final hizo levant\u00f3 sus brazos y hubo explosi\u00f3n a sus alrededores.<\/p>\n<blockquote class=\"twitter-tweet\">\n<p dir=\"ltr\" lang=\"en\">THAT&#8217;S GOT TO BE <a href=\"https:\/\/twitter.com\/KaneWWE?ref_src=twsrc%5Etfw\" target=\"_blank\" rel=\"noopener\">@KaneWWE<\/a>!<\/p>\n<p>&#x1f525;&#x1f525;&#x1f525;<a href=\"https:\/\/twitter.com\/hashtag\/WWEHOF?src=hash&amp;ref_src=twsrc%5Etfw\" target=\"_blank\" rel=\"noopener\">#WWEHOF<\/a> <a href=\"https:\/\/twitter.com\/WWE?ref_src=twsrc%5Etfw\" target=\"_blank\" rel=\"noopener\">@WWE<\/a> <a href=\"https:\/\/t.co\/WtPQjIdAdl\">pic.twitter.com\/WtPQjIdAdl<\/a><\/p>\n<p>\u2014 WWE (@WWE) <a href=\"https:\/\/twitter.com\/WWE\/status\/1379631230799515648?ref_src=twsrc%5Etfw\" target=\"_blank\" rel=\"noopener\">April 7, 2021<\/a><\/p><\/blockquote>\n<p><script async src=\"https:\/\/platform.twitter.com\/widgets.js\" charset=\"utf-8\"><\/script><\/p>\n","protected":false},"excerpt":{"rendered":"<p>WWE celebr\u00f3 la ceremonia de incorporaci\u00f3n al Sal\u00f3n de la Fama Clase 2021 desde el Tropicana Field en St. Petersburg, Florida.<\/p>\n","protected":false},"author":1,"featured_media":130684,"comment_status":"open","ping_status":"closed","sticky":false,"template":"","format":"standard","meta":{"footnotes":""},"categories":[5,38],"tags":[],"class_list":{"0":"post-130683","1":"post","2":"type-post","3":"status-publish","4":"format-standard","5":"has-post-thumbnail","7":"category-noticias","8":"category-noticias-y-rumores-de-la-wwe"},"_links":{"self":[{"href":"https:\/\/www.prwrestling.com\/nw\/wp-json\/wp\/v2\/posts\/130683","targetHints":{"allow":["GET"]}}],"collection":[{"href":"https:\/\/www.prwrestling.com\/nw\/wp-json\/wp\/v2\/posts"}],"about":[{"href":"https:\/\/www.prwrestling.com\/nw\/wp-json\/wp\/v2\/types\/post"}],"author":[{"embeddable":true,"href":"https:\/\/www.prwrestling.com\/nw\/wp-json\/wp\/v2\/users\/1"}],"replies":[{"embeddable":true,"href":"https:\/\/www.prwrestling.com\/nw\/wp-json\/wp\/v2\/comments?post=130683"}],"version-history":[{"count":0,"href":"https:\/\/www.prwrestling.com\/nw\/wp-json\/wp\/v2\/posts\/130683\/revisions"}],"wp:featuredmedia":[{"embeddable":true,"href":"https:\/\/www.prwrestling.com\/nw\/wp-json\/wp\/v2\/media\/130684"}],"wp:attachment":[{"href":"https:\/\/www.prwrestling.com\/nw\/wp-json\/wp\/v2\/media?parent=130683"}],"wp:term":[{"taxonomy":"category","embeddable":true,"href":"https:\/\/www.prwrestling.com\/nw\/wp-json\/wp\/v2\/categories?post=130683"},{"taxonomy":"post_tag","embeddable":true,"href":"https:\/\/www.prwrestling.com\/nw\/wp-json\/wp\/v2\/tags?post=130683"}],"curies":[{"name":"wp","href":"https:\/\/api.w.org\/{rel}","templated":true}]}}