{"id":130837,"date":"2021-04-14T18:58:44","date_gmt":"2021-04-14T22:58:44","guid":{"rendered":"https:\/\/www.prwrestling.com\/nw\/?p=130837"},"modified":"2021-04-14T22:06:50","modified_gmt":"2021-04-15T02:06:50","slug":"ivelisse-tras-ser-liberada-de-aew-acusa-a-thunder-rosa-de-sabotear-su-posicion","status":"publish","type":"post","link":"https:\/\/www.prwrestling.com\/nw\/ivelisse-tras-ser-liberada-de-aew-acusa-a-thunder-rosa-de-sabotear-su-posicion\/","title":{"rendered":"Ivelisse, tras ser liberada de AEW, acusa a Thunder Rosa de &#8220;sabotear&#8221; su posici\u00f3n"},"content":{"rendered":"<p>Ivelisse V\u00e9lez se dirigi\u00f3 a Twitter hoy y anunci\u00f3 que ya no est\u00e1 con AEW.<!--more--><div id=\"ad-slot\" style=\"min-width: 300px; min-height: 250px;\">\r\n<p style=\"text-align: center;\">\r\n<script async src=\"https:\/\/pagead2.googlesyndication.com\/pagead\/js\/adsbygoogle.js\"><\/script>\r\n<!-- 300x250 sc a -->\r\n<ins class=\"adsbygoogle\"\r\n     style=\"display:inline-block;width:300px;height:250px\"\r\n     data-ad-client=\"ca-pub-1244235910658811\"\r\n     data-ad-slot=\"8592682546\"><\/ins>\r\n<script>\r\n     (adsbygoogle = window.adsbygoogle || []).push({});\r\n<\/script><\/center>\r\n<\/p><\/div><br \/>\n\u201cLa historia se repite lamentablemente. Hablo del maltrato y me dejan ir. As\u00ed es la vida \u201d, escribi\u00f3 Ivelisse, quien hab\u00eda estado con AEW regularmente desde julio de 2020.<\/p>\n<p><a href=\"https:\/\/www.fightful.com\/wrestling\/ivelisse-says-she-s-been-let-go-after-speaking?utm_source=TW-FightfulWrestling&amp;utm_medium=Fightful%20Wrestling%20News&amp;utm_campaign=dlvr.it.organic\" target=\"_blank\" rel=\"noopener\">Fightful Select<\/a> recibi\u00f3 la siguiente declaraci\u00f3n de Ivelisse luego de su anuncio en Twitter, revelando que el maltrato provino de un entrenador de la empresa. Tambi\u00e9n hizo declaraciones sobre Thunder Rosa:<\/p>\n<p>\u201cHabl\u00e9 del maltrato por parte de un entrenador, incluso a otras mujeres tambi\u00e9n, hubo testigos y yo fui la que suspendieron y dej\u00e9 en el limbo y reci\u00e9n ahora liberan, y no se ha hecho nada en todo el tiempo sobre (Thunder Rosa) calumniando mi nombre todo el tiempo en AEW y haciendo todo lo posible para sabotear mi posici\u00f3n all\u00ed, me qued\u00e9 callada, (Thunder Rosa) tambi\u00e9n tiene un historial de involucrarse con funcionarios para salir adelante, lo cual hubo una demanda y todo en (Lucha Underground ). &#8221;<\/p>\n<p>Ivelisse habl\u00f3 m\u00e1s sobre Rosa en algunos tuits esta tarde.<br \/>\n<div id=\"ad-slot\" style=\"min-width: 300px; min-height: 250px;\"><p style=\"text-align: center;\">\r\n<script async src=\"https:\/\/pagead2.googlesyndication.com\/pagead\/js\/adsbygoogle.js\"><\/script>\r\n<!-- Responsive sc c -->\r\n<ins class=\"adsbygoogle\"\r\n     style=\"display:block\"\r\n     data-ad-client=\"ca-pub-1244235910658811\"\r\n     data-ad-slot=\"4234005358\"\r\n     data-ad-format=\"auto\"\r\n     data-full-width-responsive=\"true\"><\/ins>\r\n<script>\r\n     (adsbygoogle = window.adsbygoogle || []).push({});\r\n<\/script><\/p><\/div><br \/>\n&#8220;No, era ella siendo poco profesional, tambi\u00e9n hab\u00eda hecho lo mismo en LU (Lucha Underground), y no era profesional lastimando la mand\u00edbula de mi compa\u00f1era en la siguiente lucha y calumniando mi nombre todo el tiempo aew&#8221;, escribi\u00f3. en respuesta a los fan\u00e1ticos que discuten sobre sus problemas con Rosa.<\/p>\n<p>Otro fan coment\u00f3 que Ivelisse parece tener problemas similares en cada promoci\u00f3n para la que trabaja, aconsej\u00e1ndole que se mire en el espejo en alg\u00fan momento.<\/p>\n<p>Ella respondi\u00f3: &#8220;No, no lo hago, solo las grandes empresas plagadas de pol\u00edtica,&#8221; dijo.<\/p>\n<blockquote class=\"twitter-tweet\">\n<p dir=\"ltr\" lang=\"en\">Nope, it was her being unprofessional, she had done the same thing in LU as well, and was unprofessional hurting my tag partner s jaw the next match and slandering my name the entire time at aew&#x1f44d;<\/p>\n<p>\u2014 IVELISSE&#x1f451;&#x1f479;&#x1f0cf;&#x1f1f5;&#x1f1f7;LaSicaria#Bow2None (@RealIvelisse) <a href=\"https:\/\/twitter.com\/RealIvelisse\/status\/1382406504456851465?ref_src=twsrc%5Etfw\" target=\"_blank\" rel=\"noopener\">April 14, 2021<\/a><\/p><\/blockquote>\n<p><script async src=\"https:\/\/platform.twitter.com\/widgets.js\" charset=\"utf-8\"><\/script><\/p>\n<h2>Tuvo problemas con Thunder Rosa dentro de lucha<\/h2>\n<p>Ivelisse recibi\u00f3 atenci\u00f3n el pasado mes de septiembre tras una lucha ante Thunder Rosa en Dynamite, en la que algunas personas se\u00f1alaron que hubo roces reales entre ambas luchadoras durante el combate.<\/p>\n<p>Mientras hablaba con Pro Wrestling Junkies el pasado mes de octubre 2020, se le pregunt\u00f3 a Ivelisse sobre esta controversia. La luchadora respondi\u00f3 la pregunta de una manera que no proporcion\u00f3 muchos detalles, pero no neg\u00f3 que sucedi\u00f3.<br \/>\n<div id=\"ad-slot\" style=\"min-width: 300px; min-height: 250px;\">\r\n<p style=\"text-align: center;\">\r\n<script async src=\"https:\/\/pagead2.googlesyndication.com\/pagead\/js\/adsbygoogle.js\"><\/script>\r\n<!-- 300x250 sc a -->\r\n<ins class=\"adsbygoogle\"\r\n     style=\"display:inline-block;width:300px;height:250px\"\r\n     data-ad-client=\"ca-pub-1244235910658811\"\r\n     data-ad-slot=\"8592682546\"><\/ins>\r\n<script>\r\n     (adsbygoogle = window.adsbygoogle || []).push({});\r\n<\/script><\/center>\r\n<\/p><\/div><br \/>\n\u201cEsperaba que esta pregunta surgiera en alg\u00fan momento. Me he propuesto no responder desde que surgi\u00f3 todo el asunto. No comentar\u00e9 mucho al respecto, pero expondr\u00e9 hechos obvios de acuerdo con lo sucedido.<\/p>\n<p>\u201cSiempre que se trata de lucha libre profesional, obviamente soy la veterana dentro de la ecuaci\u00f3n, por lo que deber\u00eda decirle mucho a cualquiera que sepa algo sobre la lucha libre profesional. Pueden sumar dos y dos que yo sea la veterana dentro de la ecuaci\u00f3n, y tambi\u00e9n con el hecho de que no acepto a las personas que intentan faltarme el respeto. Con esos hechos, lo que sucedi\u00f3 se explica por s\u00ed mismo y todo lo que venga entre esas l\u00edneas,\u201c dijo.<\/p>\n","protected":false},"excerpt":{"rendered":"<p>Ivelisse V\u00e9lez se dirigi\u00f3 a Twitter hoy y anunci\u00f3 que ya no est\u00e1 con AEW.<\/p>\n","protected":false},"author":1,"featured_media":127738,"comment_status":"open","ping_status":"closed","sticky":false,"template":"","format":"standard","meta":{"footnotes":""},"categories":[5,1],"tags":[2338,1354],"class_list":{"0":"post-130837","1":"post","2":"type-post","3":"status-publish","4":"format-standard","5":"has-post-thumbnail","7":"category-noticias","8":"category-all-elite-wrestling","9":"tag-ivelisse-velez","10":"tag-aew"},"_links":{"self":[{"href":"https:\/\/www.prwrestling.com\/nw\/wp-json\/wp\/v2\/posts\/130837","targetHints":{"allow":["GET"]}}],"collection":[{"href":"https:\/\/www.prwrestling.com\/nw\/wp-json\/wp\/v2\/posts"}],"about":[{"href":"https:\/\/www.prwrestling.com\/nw\/wp-json\/wp\/v2\/types\/post"}],"author":[{"embeddable":true,"href":"https:\/\/www.prwrestling.com\/nw\/wp-json\/wp\/v2\/users\/1"}],"replies":[{"embeddable":true,"href":"https:\/\/www.prwrestling.com\/nw\/wp-json\/wp\/v2\/comments?post=130837"}],"version-history":[{"count":5,"href":"https:\/\/www.prwrestling.com\/nw\/wp-json\/wp\/v2\/posts\/130837\/revisions"}],"predecessor-version":[{"id":130843,"href":"https:\/\/www.prwrestling.com\/nw\/wp-json\/wp\/v2\/posts\/130837\/revisions\/130843"}],"wp:featuredmedia":[{"embeddable":true,"href":"https:\/\/www.prwrestling.com\/nw\/wp-json\/wp\/v2\/media\/127738"}],"wp:attachment":[{"href":"https:\/\/www.prwrestling.com\/nw\/wp-json\/wp\/v2\/media?parent=130837"}],"wp:term":[{"taxonomy":"category","embeddable":true,"href":"https:\/\/www.prwrestling.com\/nw\/wp-json\/wp\/v2\/categories?post=130837"},{"taxonomy":"post_tag","embeddable":true,"href":"https:\/\/www.prwrestling.com\/nw\/wp-json\/wp\/v2\/tags?post=130837"}],"curies":[{"name":"wp","href":"https:\/\/api.w.org\/{rel}","templated":true}]}}