{"id":130848,"date":"2021-04-15T12:49:21","date_gmt":"2021-04-15T16:49:21","guid":{"rendered":"https:\/\/www.prwrestling.com\/nw\/?p=130848"},"modified":"2021-04-15T12:49:21","modified_gmt":"2021-04-15T16:49:21","slug":"eva-marie-espera-el-momento-adecuado-para-regresar-a-la-wwe","status":"publish","type":"post","link":"https:\/\/www.prwrestling.com\/nw\/eva-marie-espera-el-momento-adecuado-para-regresar-a-la-wwe\/","title":{"rendered":"Eva Marie espera el momento adecuado para regresar a la WWE"},"content":{"rendered":"<p>En una entrevista con Muscle &#038; Fitness, Eva Marie habl\u00f3 sobre su ausencia de la lucha libre y revel\u00f3 que planea regresar a la WWE en alg\u00fan momento.<!--more--><div id=\"ad-slot\" style=\"min-width: 300px; min-height: 250px;\">\r\n<p style=\"text-align: center;\">\r\n<script async src=\"https:\/\/pagead2.googlesyndication.com\/pagead\/js\/adsbygoogle.js\"><\/script>\r\n<!-- 300x250 sc a -->\r\n<ins class=\"adsbygoogle\"\r\n     style=\"display:inline-block;width:300px;height:250px\"\r\n     data-ad-client=\"ca-pub-1244235910658811\"\r\n     data-ad-slot=\"8592682546\"><\/ins>\r\n<script>\r\n     (adsbygoogle = window.adsbygoogle || []).push({});\r\n<\/script><\/center>\r\n<\/p><\/div><br \/>\nLuego de meses de rumores, la luchadora habl\u00f3 sobre un posible regreso a WWE.<\/p>\n<p> &#8220;Amo tanto a WWE&#8221;, dijo. \u201cLe debo mi carrera a Vince McMahon, Stephanie McMahon y, por supuesto, Triple H. Se arriesgaron con una ni\u00f1a sin nombre. Cuando se trata de regresar al ring, absolutamente. Quiero decir, siento que ahora es el momento de traer un poco de calor y todos sabemos que tu chica tiene mucho de eso.\u201d<\/p>\n<p>\u201cDefinitivamente me encantar\u00eda volver al ring, solo tiene que ser el momento adecuado, y si surge esa oportunidad, cr\u00e9anlo, su chica estar\u00e1 saliendo adelante,&#8221; dijo.<br \/>\n<div id=\"ad-slot\" style=\"min-width: 300px; min-height: 250px;\"><p style=\"text-align: center;\">\r\n<script async src=\"https:\/\/pagead2.googlesyndication.com\/pagead\/js\/adsbygoogle.js\"><\/script>\r\n<!-- Responsive sc c -->\r\n<ins class=\"adsbygoogle\"\r\n     style=\"display:block\"\r\n     data-ad-client=\"ca-pub-1244235910658811\"\r\n     data-ad-slot=\"4234005358\"\r\n     data-ad-format=\"auto\"\r\n     data-full-width-responsive=\"true\"><\/ins>\r\n<script>\r\n     (adsbygoogle = window.adsbygoogle || []).push({});\r\n<\/script><\/p><\/div><br \/>\nEva Marie parece que ha estado trabajando de cerca con la WWE desde hace ya varios meses receintes. Estaba backstage en la grabaci\u00f3n de RAW del 14 de diciembre de Tropicana Field, y grab\u00f3 promociones que hasta hoy no se han visto.<\/p>\n<p>Marie adem\u00e1s ha sido vista varias veces en el WWE Performance Center en Orlando desde el pasado mes de septiembre, y a principios de diciembre se inform\u00f3 que estaba incluida en la lista interna de la WWE, a pesar de no estar asignada oficialmente a una marca.<\/p>\n","protected":false},"excerpt":{"rendered":"<p>En una entrevista con Muscle &#038; Fitness, Eva Marie habl\u00f3 sobre su ausencia de la lucha libre y revel\u00f3 que planea regresar a la WWE en alg\u00fan momento.<\/p>\n","protected":false},"author":1,"featured_media":5852,"comment_status":"open","ping_status":"closed","sticky":false,"template":"","format":"standard","meta":{"footnotes":""},"categories":[5,38],"tags":[5465,9],"class_list":{"0":"post-130848","1":"post","2":"type-post","3":"status-publish","4":"format-standard","5":"has-post-thumbnail","7":"category-noticias","8":"category-noticias-y-rumores-de-la-wwe","9":"tag-eva-marie","10":"tag-wwe"},"_links":{"self":[{"href":"https:\/\/www.prwrestling.com\/nw\/wp-json\/wp\/v2\/posts\/130848","targetHints":{"allow":["GET"]}}],"collection":[{"href":"https:\/\/www.prwrestling.com\/nw\/wp-json\/wp\/v2\/posts"}],"about":[{"href":"https:\/\/www.prwrestling.com\/nw\/wp-json\/wp\/v2\/types\/post"}],"author":[{"embeddable":true,"href":"https:\/\/www.prwrestling.com\/nw\/wp-json\/wp\/v2\/users\/1"}],"replies":[{"embeddable":true,"href":"https:\/\/www.prwrestling.com\/nw\/wp-json\/wp\/v2\/comments?post=130848"}],"version-history":[{"count":1,"href":"https:\/\/www.prwrestling.com\/nw\/wp-json\/wp\/v2\/posts\/130848\/revisions"}],"predecessor-version":[{"id":130849,"href":"https:\/\/www.prwrestling.com\/nw\/wp-json\/wp\/v2\/posts\/130848\/revisions\/130849"}],"wp:featuredmedia":[{"embeddable":true,"href":"https:\/\/www.prwrestling.com\/nw\/wp-json\/wp\/v2\/media\/5852"}],"wp:attachment":[{"href":"https:\/\/www.prwrestling.com\/nw\/wp-json\/wp\/v2\/media?parent=130848"}],"wp:term":[{"taxonomy":"category","embeddable":true,"href":"https:\/\/www.prwrestling.com\/nw\/wp-json\/wp\/v2\/categories?post=130848"},{"taxonomy":"post_tag","embeddable":true,"href":"https:\/\/www.prwrestling.com\/nw\/wp-json\/wp\/v2\/tags?post=130848"}],"curies":[{"name":"wp","href":"https:\/\/api.w.org\/{rel}","templated":true}]}}