{"id":130884,"date":"2021-04-17T12:21:23","date_gmt":"2021-04-17T16:21:23","guid":{"rendered":"https:\/\/www.prwrestling.com\/nw\/?p=130884"},"modified":"2021-04-17T12:21:23","modified_gmt":"2021-04-17T16:21:23","slug":"dr-wagner-jr-critica-a-wwe-por-utilizar-a-bad-bunny-sobre-otros-mexicanos","status":"publish","type":"post","link":"https:\/\/www.prwrestling.com\/nw\/dr-wagner-jr-critica-a-wwe-por-utilizar-a-bad-bunny-sobre-otros-mexicanos\/","title":{"rendered":"Dr. Wagner Jr critica a WWE por utilizar a Bad Bunny sobre otros mexicanos"},"content":{"rendered":"<p>El luchador mexicano Dr Wagner Jr critic\u00f3 fuertemente a la WWE por utilizar a Bad Bunny en WrestleMania.<!--more--><div id=\"ad-slot\" style=\"min-width: 300px; min-height: 250px;\">\r\n<p style=\"text-align: center;\">\r\n<!-- Site name: prwrestling.com\r\nZone name: prwrestling.com_banner_300x250\r\nZone id: 2109741734\r\nType: banner\r\nFormat: 300x250\r\n --> \r\n\r\n<!-- Copy and paste this code on the page. -->\r\n<div id='zone_2109741734' ><\/div>\r\n<script>\r\n    (function(w,d,o,g,r,a,m){\r\n        var cid='zone_2109741734';\r\n        w[r]=w[r]||function(){(w[r+'l']=w[r+'l']||[]).push(arguments)};\r\n        function e(b,w,r){if((w[r+'h']=b.pop())&&!w.ABN){\r\n            var a=d.createElement(o),p=d.getElementsByTagName(o)[0];a.async=1;\r\n            a.src='https:\/\/cdn.'+w[r+'h']+'\/libs\/e.js';a.onerror=function(){e(g,w,r)};\r\n            p.parentNode.insertBefore(a,p)}}e(g,w,r);\r\n        w[r](cid,{id:2109741734,domain:w[r+'h']});\r\n    })(window,document,'script',['traffmovie.com'],'ABNS');\r\n<\/script>\r\n\r\n<!--\r\nWhen setting the zone code, make sure:\r\n  - you have provided all domains from which the area code will be called\r\n  - the site does not limit the loading in the Content Security Policy\r\n  - the area code is installed in the ad space inside the page\r\n  - site layout allows you to display the banner on mobile devices in full size\r\nUse data-cp1={customParam1} data-cp2={customParam2}... attributes for sending custom params\r\n-->\r\n<\/p><\/div><br \/>\nDentro de su columna semanal en <a href=\"https:\/\/www.milenio.com\/opinion\/dr-wagner-jr\/bien-bien-bien\/bad-bunny-un-improvisado\" target=\"_blank\" rel=\"noopener\">Milenio<\/a>, Wagner expres\u00f3 molestia por la empresa no darle oportunidad a otros talentos de M\u00e9xico sobre el cantante.<\/p>\n<p>\u201c\u00bfC\u00f3mo es posible que le den esa oportunidad a Bad Bunny? \u00a1Es un improvisado! \u00a1Cuando tienen un talento como el que posee el Hijo del Fantasma, ahora llamado Santos Escobar, portador de un gran legado que viene por herencia!&#8221;<\/p>\n<p>\u201c\u00c9l, Santos Escobar, bien pudo ser un digno representante de M\u00e9xico, lo mismo que Andrade Cien Almas, mi paisano, quien desert\u00f3 de esas filas teniendo un chingo de talento. Y, no reniego de las nuevas plataformas, me adapto y entiendo que las compa\u00f1\u00edas tienen que buscar contenidos diferentes para atraer al p\u00fablico en plena pandemia,\u201d dijo.<br \/>\n<div id=\"ad-slot\" style=\"min-width: 300px; min-height: 250px;\"><p style=\"text-align: center;\">\r\n<script async src=\"https:\/\/pagead2.googlesyndication.com\/pagead\/js\/adsbygoogle.js\"><\/script>\r\n<!-- Responsive sc c -->\r\n<ins class=\"adsbygoogle\"\r\n     style=\"display:block\"\r\n     data-ad-client=\"ca-pub-1244235910658811\"\r\n     data-ad-slot=\"4234005358\"\r\n     data-ad-format=\"auto\"\r\n     data-full-width-responsive=\"true\"><\/ins>\r\n<script>\r\n     (adsbygoogle = window.adsbygoogle || []).push({});\r\n<\/script><\/p><\/div><br \/>\nWagner tambi\u00e9n critic\u00f3 el hecho de que WWE utiliz\u00f3 a un artista en vez de un deportista en el combate.<\/p>\n<p>\u201cEn otras ediciones, Wrestlemania hab\u00eda presentado jugadores de f\u00fatbol americano, representantes de otras disciplinas deportivas, pero nunca un cantante. \u00a1Inconcebible! Tal vez era el sue\u00f1o de Bad Bunny, enfrentarse a grandes estrellas de la lucha libre, pero hubiera tenido que prepararse, no hacerlo solamente por la popularidad que posee. \u201c<\/p>\n<p>\u201cCaso muy diferente resulta el de La Roca, que perteneci\u00f3 muchos a\u00f1os a WWE y despu\u00e9s sigui\u00f3 una carrera art\u00edstica, a diferencia del mencionado cantante, que no creo que vaya a dejar a un lado su carrera musical. Combinar ambas facetas es incongruente,\u201d expres\u00f3.<\/p>\n","protected":false},"excerpt":{"rendered":"<p>El luchador mexicano Dr Wagner Jr critic\u00f3 fuertemente a la WWE por utilizar a Bad Bunny en WrestleMania.<\/p>\n","protected":false},"author":1,"featured_media":130885,"comment_status":"open","ping_status":"closed","sticky":false,"template":"","format":"standard","meta":{"footnotes":""},"categories":[5,38],"tags":[6515,6533,6869,9],"class_list":["post-130884","post","type-post","status-publish","format-standard","has-post-thumbnail","category-noticias","category-noticias-y-rumores-de-la-wwe","tag-bad-bunny","tag-bad-bunny-wwe","tag-dr-wagner","tag-wwe"],"_links":{"self":[{"href":"https:\/\/www.prwrestling.com\/nw\/wp-json\/wp\/v2\/posts\/130884","targetHints":{"allow":["GET"]}}],"collection":[{"href":"https:\/\/www.prwrestling.com\/nw\/wp-json\/wp\/v2\/posts"}],"about":[{"href":"https:\/\/www.prwrestling.com\/nw\/wp-json\/wp\/v2\/types\/post"}],"author":[{"embeddable":true,"href":"https:\/\/www.prwrestling.com\/nw\/wp-json\/wp\/v2\/users\/1"}],"replies":[{"embeddable":true,"href":"https:\/\/www.prwrestling.com\/nw\/wp-json\/wp\/v2\/comments?post=130884"}],"version-history":[{"count":0,"href":"https:\/\/www.prwrestling.com\/nw\/wp-json\/wp\/v2\/posts\/130884\/revisions"}],"wp:featuredmedia":[{"embeddable":true,"href":"https:\/\/www.prwrestling.com\/nw\/wp-json\/wp\/v2\/media\/130885"}],"wp:attachment":[{"href":"https:\/\/www.prwrestling.com\/nw\/wp-json\/wp\/v2\/media?parent=130884"}],"wp:term":[{"taxonomy":"category","embeddable":true,"href":"https:\/\/www.prwrestling.com\/nw\/wp-json\/wp\/v2\/categories?post=130884"},{"taxonomy":"post_tag","embeddable":true,"href":"https:\/\/www.prwrestling.com\/nw\/wp-json\/wp\/v2\/tags?post=130884"}],"curies":[{"name":"wp","href":"https:\/\/api.w.org\/{rel}","templated":true}]}}