{"id":130894,"date":"2021-04-18T19:23:34","date_gmt":"2021-04-18T23:23:34","guid":{"rendered":"https:\/\/www.prwrestling.com\/nw\/?p=130894"},"modified":"2021-04-18T19:23:34","modified_gmt":"2021-04-18T23:23:34","slug":"cinta-de-oro-sin-cara-revela-wwe-lo-envio-a-clases-de-manejo-de-ira","status":"publish","type":"post","link":"https:\/\/www.prwrestling.com\/nw\/cinta-de-oro-sin-cara-revela-wwe-lo-envio-a-clases-de-manejo-de-ira\/","title":{"rendered":"Cinta de Oro (Sin Cara) revela WWE lo envi\u00f3 a clases de manejo de ira"},"content":{"rendered":"<p>Sin Cara (el segundo) tuvo un par de altercados tras bastidores durante su tiempo en la WWE.<!--more--><div id=\"ad-slot\" style=\"min-width: 300px; min-height: 250px;\">\r\n<p style=\"text-align: center;\">\r\n<!-- Site name: prwrestling.com\r\nZone name: prwrestling.com_banner_300x250\r\nZone id: 2109741734\r\nType: banner\r\nFormat: 300x250\r\n --> \r\n\r\n<!-- Copy and paste this code on the page. -->\r\n<div id='zone_2109741734' ><\/div>\r\n<script>\r\n    (function(w,d,o,g,r,a,m){\r\n        var cid='zone_2109741734';\r\n        w[r]=w[r]||function(){(w[r+'l']=w[r+'l']||[]).push(arguments)};\r\n        function e(b,w,r){if((w[r+'h']=b.pop())&&!w.ABN){\r\n            var a=d.createElement(o),p=d.getElementsByTagName(o)[0];a.async=1;\r\n            a.src='https:\/\/cdn.'+w[r+'h']+'\/libs\/e.js';a.onerror=function(){e(g,w,r)};\r\n            p.parentNode.insertBefore(a,p)}}e(g,w,r);\r\n        w[r](cid,{id:2109741734,domain:w[r+'h']});\r\n    })(window,document,'script',['traffmovie.com'],'ABNS');\r\n<\/script>\r\n\r\n<!--\r\nWhen setting the zone code, make sure:\r\n  - you have provided all domains from which the area code will be called\r\n  - the site does not limit the loading in the Content Security Policy\r\n  - the area code is installed in the ad space inside the page\r\n  - site layout allows you to display the banner on mobile devices in full size\r\nUse data-cp1={customParam1} data-cp2={customParam2}... attributes for sending custom params\r\n-->\r\n<\/p><\/div><br \/>\nSimon Gotch, Sheamus y Chris Jericho son dos nombres con los que tuvo problemas en el backstage, y el ahora conocido como Cinta De Oro habl\u00f3 con Inside the Ropes donde revel\u00f3 que WWE lo envi\u00f3 a clases de manejo de la ira.<\/p>\n<p>&#8220;Bueno, s\u00ed, me enviaron a clases de manejo de la ira, eso es cierto. Eso es muy cierto. Es verdad. Y bueno, tuve que hacerlo porque tuve un par de altercados a lo largo de mi carrera en la empresa.<\/p>\n<p>&#8220;Pero, ya sabes, lo que pasa con nosotros es que, como luchadores, podemos tener un desacuerdo un d\u00eda y podemos desquitarnos con nosotros mismos y luego al d\u00eda siguiente estaremos bien. Sin rencor. Nada. Fue solo ese impulso del momento. Y eso es.&#8221;<br \/>\n<div id=\"ad-slot\" style=\"min-width: 300px; min-height: 250px;\"><p style=\"text-align: center;\">\r\n<script async src=\"https:\/\/pagead2.googlesyndication.com\/pagead\/js\/adsbygoogle.js\"><\/script>\r\n<!-- Responsive sc c -->\r\n<ins class=\"adsbygoogle\"\r\n     style=\"display:block\"\r\n     data-ad-client=\"ca-pub-1244235910658811\"\r\n     data-ad-slot=\"4234005358\"\r\n     data-ad-format=\"auto\"\r\n     data-full-width-responsive=\"true\"><\/ins>\r\n<script>\r\n     (adsbygoogle = window.adsbygoogle || []).push({});\r\n<\/script><\/p><\/div><br \/>\n\u201cTuve un par de ri\u00f1as con algunos de ellos. Pero hasta el d\u00eda de hoy; Sheamus y yo somos muy buenos amigos, Jericho y yo no tenemos ning\u00fan problema. Simon Gotch, le deseo lo mejor. No somos amigos, pero le deseo lo mejor. No le deseo nada malo.&#8221;<\/p>\n<p>&#8220;Pero fue una de esas cosas que a veces sucede. Somos hombres, estamos en un deporte en el que, ya sabes, quieres ser el n\u00famero uno, quieres ser el mejor. Lo entiendo. Pero eso es cierto. Entr\u00e9 en clases de manejo de la ira. Y no tengo un problemas de ira, pero supongo que fue porque pas\u00e9 por algunas de esas cosas y ellos solo quer\u00edan, en cierto sentido, ver si necesitaba ayuda. Supongo. No s\u00e9,&#8221; dijo.<\/p>\n","protected":false},"excerpt":{"rendered":"<p>Sin Cara (el segundo) tuvo un par de altercados tras bastidores durante su tiempo en la WWE.<\/p>\n","protected":false},"author":1,"featured_media":118533,"comment_status":"open","ping_status":"closed","sticky":false,"template":"","format":"standard","meta":{"footnotes":""},"categories":[5,38],"tags":[1928,9],"class_list":["post-130894","post","type-post","status-publish","format-standard","has-post-thumbnail","category-noticias","category-noticias-y-rumores-de-la-wwe","tag-sin-cara","tag-wwe"],"_links":{"self":[{"href":"https:\/\/www.prwrestling.com\/nw\/wp-json\/wp\/v2\/posts\/130894","targetHints":{"allow":["GET"]}}],"collection":[{"href":"https:\/\/www.prwrestling.com\/nw\/wp-json\/wp\/v2\/posts"}],"about":[{"href":"https:\/\/www.prwrestling.com\/nw\/wp-json\/wp\/v2\/types\/post"}],"author":[{"embeddable":true,"href":"https:\/\/www.prwrestling.com\/nw\/wp-json\/wp\/v2\/users\/1"}],"replies":[{"embeddable":true,"href":"https:\/\/www.prwrestling.com\/nw\/wp-json\/wp\/v2\/comments?post=130894"}],"version-history":[{"count":2,"href":"https:\/\/www.prwrestling.com\/nw\/wp-json\/wp\/v2\/posts\/130894\/revisions"}],"predecessor-version":[{"id":130897,"href":"https:\/\/www.prwrestling.com\/nw\/wp-json\/wp\/v2\/posts\/130894\/revisions\/130897"}],"wp:featuredmedia":[{"embeddable":true,"href":"https:\/\/www.prwrestling.com\/nw\/wp-json\/wp\/v2\/media\/118533"}],"wp:attachment":[{"href":"https:\/\/www.prwrestling.com\/nw\/wp-json\/wp\/v2\/media?parent=130894"}],"wp:term":[{"taxonomy":"category","embeddable":true,"href":"https:\/\/www.prwrestling.com\/nw\/wp-json\/wp\/v2\/categories?post=130894"},{"taxonomy":"post_tag","embeddable":true,"href":"https:\/\/www.prwrestling.com\/nw\/wp-json\/wp\/v2\/tags?post=130894"}],"curies":[{"name":"wp","href":"https:\/\/api.w.org\/{rel}","templated":true}]}}