{"id":131077,"date":"2021-04-30T21:30:49","date_gmt":"2021-05-01T01:30:49","guid":{"rendered":"https:\/\/www.prwrestling.com\/nw\/?p=131077"},"modified":"2021-04-30T21:30:49","modified_gmt":"2021-05-01T01:30:49","slug":"andrade-es-parte-de-conferencia-de-prensa-de-nueva-empresa","status":"publish","type":"post","link":"https:\/\/www.prwrestling.com\/nw\/andrade-es-parte-de-conferencia-de-prensa-de-nueva-empresa\/","title":{"rendered":"Andrade es parte de conferencia de prensa de nueva empresa"},"content":{"rendered":"<p>Federacion Wrestling ha anunciado a Andrade para su evento PPV debut el 19 de junio.<!--more--><\/p>\n<p>Se anunci\u00f3 durante una conferencia de prensa en l\u00ednea que Andrade se unir\u00e1 a Rush, Bestia del Ring y un socio sorpresa contra Matt Taven, PJ Black y dos de sus propios socios sorpresa.<\/p>\n<p>La primera lucha de Andrade despu\u00e9s de la WWE se anunci\u00f3 a principios de esta semana contra Alberto el Patr\u00f3n, sin embargo, no est\u00e1 programada hasta el 31 de julio.<br \/>\n<div id=\"ad-slot\" style=\"min-width: 300px; min-height: 250px;\">\r\n<p style=\"text-align: center;\">\r\n<script async src=\"https:\/\/pagead2.googlesyndication.com\/pagead\/js\/adsbygoogle.js\"><\/script>\r\n<!-- 300x250 sc a -->\r\n<ins class=\"adsbygoogle\"\r\n     style=\"display:inline-block;width:300px;height:250px\"\r\n     data-ad-client=\"ca-pub-1244235910658811\"\r\n     data-ad-slot=\"8592682546\"><\/ins>\r\n<script>\r\n     (adsbygoogle = window.adsbygoogle || []).push({});\r\n<\/script><\/center>\r\n<\/p><\/div><br \/>\nAdem\u00e1s del talento de ROH, las estrellas de AEW Penta El 0 M y Rey Fenix \u200b\u200bse enfrentar\u00e1n a Bandido y Dragon Lee. Red Velvet y Tay Conti tambi\u00e9n estar\u00e1n en el show, compitiendo en una lucha de tr\u00edos de seis mujeres con una pareja misteriosa contra Miranda Alize, Zeuxis y Ayako Hamada.<\/p>\n<p>Otros encuentros incluyen Futuro y Brillante Jr. vs. Shoko y Barabas y un combate de triple amenaza con Rey Horus enfrent\u00e1ndose a Flamita y un oponente misterioso. Tambi\u00e9n se ha anunciado un Torneo Copa Federacion Wrestling que contar\u00e1 con 20 participantes, que se dar\u00e1 a conocer a lo largo del mes de mayo.<\/p>\n","protected":false},"excerpt":{"rendered":"<p>Federacion Wrestling ha anunciado a Andrade para su evento PPV debut el 19 de junio.<\/p>\n","protected":false},"author":1,"featured_media":131078,"comment_status":"open","ping_status":"closed","sticky":false,"template":"","format":"standard","meta":{"footnotes":""},"categories":[5],"tags":[1965],"class_list":{"0":"post-131077","1":"post","2":"type-post","3":"status-publish","4":"format-standard","5":"has-post-thumbnail","7":"category-noticias","8":"tag-andrade"},"_links":{"self":[{"href":"https:\/\/www.prwrestling.com\/nw\/wp-json\/wp\/v2\/posts\/131077","targetHints":{"allow":["GET"]}}],"collection":[{"href":"https:\/\/www.prwrestling.com\/nw\/wp-json\/wp\/v2\/posts"}],"about":[{"href":"https:\/\/www.prwrestling.com\/nw\/wp-json\/wp\/v2\/types\/post"}],"author":[{"embeddable":true,"href":"https:\/\/www.prwrestling.com\/nw\/wp-json\/wp\/v2\/users\/1"}],"replies":[{"embeddable":true,"href":"https:\/\/www.prwrestling.com\/nw\/wp-json\/wp\/v2\/comments?post=131077"}],"version-history":[{"count":0,"href":"https:\/\/www.prwrestling.com\/nw\/wp-json\/wp\/v2\/posts\/131077\/revisions"}],"wp:featuredmedia":[{"embeddable":true,"href":"https:\/\/www.prwrestling.com\/nw\/wp-json\/wp\/v2\/media\/131078"}],"wp:attachment":[{"href":"https:\/\/www.prwrestling.com\/nw\/wp-json\/wp\/v2\/media?parent=131077"}],"wp:term":[{"taxonomy":"category","embeddable":true,"href":"https:\/\/www.prwrestling.com\/nw\/wp-json\/wp\/v2\/categories?post=131077"},{"taxonomy":"post_tag","embeddable":true,"href":"https:\/\/www.prwrestling.com\/nw\/wp-json\/wp\/v2\/tags?post=131077"}],"curies":[{"name":"wp","href":"https:\/\/api.w.org\/{rel}","templated":true}]}}