{"id":131118,"date":"2021-05-03T09:08:19","date_gmt":"2021-05-03T13:08:19","guid":{"rendered":"https:\/\/www.prwrestling.com\/nw\/?p=131118"},"modified":"2021-05-03T09:08:19","modified_gmt":"2021-05-03T13:08:19","slug":"sin-cara-se-expresa-sobre-la-poca-presencia-de-latinos-en-la-wwe","status":"publish","type":"post","link":"https:\/\/www.prwrestling.com\/nw\/sin-cara-se-expresa-sobre-la-poca-presencia-de-latinos-en-la-wwe\/","title":{"rendered":"Sin Cara se expresa sobre la poca presencia de latinos en la WWE"},"content":{"rendered":"<p>WWE tiene representaci\u00f3n de todo el mundo, pero su lista de talentos latinos no es tan activa como a algunos les gustar\u00eda que fueran. <!--more--><\/p>\n<p>Mientras hablaba con Wrestling Inc, el ex talento de la empresa Sin Cara (hoy conocido como Cinta de Oro) habl\u00f3 sobre c\u00f3mo las estrellas latinas no tienen una oportunidad en la WWE. <div id=\"ad-slot\" style=\"min-width: 300px; min-height: 250px;\">\r\n<p style=\"text-align: center;\">\r\n<script async src=\"https:\/\/pagead2.googlesyndication.com\/pagead\/js\/adsbygoogle.js\"><\/script>\r\n<!-- 300x250 sc a -->\r\n<ins class=\"adsbygoogle\"\r\n     style=\"display:inline-block;width:300px;height:250px\"\r\n     data-ad-client=\"ca-pub-1244235910658811\"\r\n     data-ad-slot=\"8592682546\"><\/ins>\r\n<script>\r\n     (adsbygoogle = window.adsbygoogle || []).push({});\r\n<\/script><\/center>\r\n<\/p><\/div><br \/>\n\u201cNunca quise entrar en esta conversaci\u00f3n, pero siento que lo necesitamos ahora. Es cierto. Con todo lo que est\u00e1 sucediendo en el mundo, los latinoamericanos o los mexicanos nunca podr\u00e1n unir fuerzas para hacer algo poderoso. Siempre han sido otras personas.\u201d<\/p>\n<p>\u201cPodemos ver lo que sucedi\u00f3 hoy en d\u00eda cuando comenz\u00f3 el movimiento Black Lives Matter. Fue genial verlos a todos unirse y hacer algo positivo para todos, para la comunidad. Y cuando eso sucedi\u00f3, todos en la WWE eran campeones, \u00bfverdad? Bobby Lashley, New Day, todos esos tipos. Lo cual es genial, son buenos amigos m\u00edos y los amo, pero \u00bfy nosotros? Queremos una oportunidad. Queremos una oportunidad,&#8221; expres\u00f3.<\/p>\n","protected":false},"excerpt":{"rendered":"<p>WWE tiene representaci\u00f3n de todo el mundo, pero su lista de talentos latinos no es tan activa como a algunos les gustar\u00eda que fueran.<\/p>\n","protected":false},"author":1,"featured_media":118533,"comment_status":"open","ping_status":"closed","sticky":false,"template":"","format":"standard","meta":{"footnotes":""},"categories":[5],"tags":[6916],"class_list":{"0":"post-131118","1":"post","2":"type-post","3":"status-publish","4":"format-standard","5":"has-post-thumbnail","7":"category-noticias","8":"tag-cinta-de-oro"},"_links":{"self":[{"href":"https:\/\/www.prwrestling.com\/nw\/wp-json\/wp\/v2\/posts\/131118","targetHints":{"allow":["GET"]}}],"collection":[{"href":"https:\/\/www.prwrestling.com\/nw\/wp-json\/wp\/v2\/posts"}],"about":[{"href":"https:\/\/www.prwrestling.com\/nw\/wp-json\/wp\/v2\/types\/post"}],"author":[{"embeddable":true,"href":"https:\/\/www.prwrestling.com\/nw\/wp-json\/wp\/v2\/users\/1"}],"replies":[{"embeddable":true,"href":"https:\/\/www.prwrestling.com\/nw\/wp-json\/wp\/v2\/comments?post=131118"}],"version-history":[{"count":0,"href":"https:\/\/www.prwrestling.com\/nw\/wp-json\/wp\/v2\/posts\/131118\/revisions"}],"wp:featuredmedia":[{"embeddable":true,"href":"https:\/\/www.prwrestling.com\/nw\/wp-json\/wp\/v2\/media\/118533"}],"wp:attachment":[{"href":"https:\/\/www.prwrestling.com\/nw\/wp-json\/wp\/v2\/media?parent=131118"}],"wp:term":[{"taxonomy":"category","embeddable":true,"href":"https:\/\/www.prwrestling.com\/nw\/wp-json\/wp\/v2\/categories?post=131118"},{"taxonomy":"post_tag","embeddable":true,"href":"https:\/\/www.prwrestling.com\/nw\/wp-json\/wp\/v2\/tags?post=131118"}],"curies":[{"name":"wp","href":"https:\/\/api.w.org\/{rel}","templated":true}]}}