{"id":131124,"date":"2021-05-03T17:47:42","date_gmt":"2021-05-03T21:47:42","guid":{"rendered":"https:\/\/www.prwrestling.com\/nw\/?p=131124"},"modified":"2021-05-03T17:47:42","modified_gmt":"2021-05-03T21:47:42","slug":"ex-wwe-steve-cutler-dice-le-mintieron-en-llamada-de-despido","status":"publish","type":"post","link":"https:\/\/www.prwrestling.com\/nw\/ex-wwe-steve-cutler-dice-le-mintieron-en-llamada-de-despido\/","title":{"rendered":"Ex WWE Steve Cutler dice le mintieron en llamada de despido"},"content":{"rendered":"<p>WWE liber\u00f3 a Steve Cutler de su contrato despu\u00e9s de que contrajera COVID-19, pero la compa\u00f1\u00eda no admiti\u00f3 que esa fuera la raz\u00f3n.<!--more--><\/p>\n<p>Antes de su liberaci\u00f3n, Cutler se asoci\u00f3 con Wesley Blake una vez m\u00e1s y fueron los Caballeros del Lobo Solitario del King Corbin. Ese \u00e1ngulo desapareci\u00f3 cuando Cutler tuvo que tomarse un par de semanas de descanso debido a que arroj\u00f3 positivo.<\/p>\n<p>Mientras hablaba con Fightful, Steve Cutler dijo que Mark Carrano le dijo que el equipo creativo de WWE no ten\u00eda nada para \u00e9l, pero sab\u00eda que era mentira.<br \/>\n<div id=\"ad-slot\" style=\"min-width: 300px; min-height: 250px;\"><p style=\"text-align: center;\">\r\n<script async src=\"https:\/\/pagead2.googlesyndication.com\/pagead\/js\/adsbygoogle.js\"><\/script>\r\n<!-- Responsive sc c -->\r\n<ins class=\"adsbygoogle\"\r\n     style=\"display:block\"\r\n     data-ad-client=\"ca-pub-1244235910658811\"\r\n     data-ad-slot=\"4234005358\"\r\n     data-ad-format=\"auto\"\r\n     data-full-width-responsive=\"true\"><\/ins>\r\n<script>\r\n     (adsbygoogle = window.adsbygoogle || []).push({});\r\n<\/script><\/p><\/div><br \/>\n&#8220;La llamada telef\u00f3nica fue m\u00e1s molestosa porque solo decir que Creativo no ten\u00eda nada para nosotros fue algo as\u00ed como, &#8216;No, me despidieron porque ten\u00eda personas molestas porque tuve COVID&#8217;. S\u00e9 que la gente dir\u00e1: &#8216;Bueno, es tu culpa&#8217;, tal vez lo sea. Pero, al mismo tiempo, tom\u00e9 mis propias precauciones. Vivo en el estado de Florida. Es un estado abierto de pol\u00edticas sobre todo lo relacionado con COVID. Uso mi m\u00e1scara cuando estoy fuera. Hago lo que se supone que debo hacer. Pero, luego, cuando estoy con amigos que s\u00e9 que tuvieron la prueba, trato de ocuparme de eso yo mismo y me rodeo con quienes s\u00e9 que est\u00e1n bien y si sucede como lo hicimos, me hago la prueba.&#8221;<\/p>\n<p>&#8220;Solo nos dijeron que Creativo no ten\u00eda nada para nosotros y llam\u00e9 eso mi#rda de inmediato. Yo estaba como, &#8220;Bueno, si Creativo no tiene nada para nosotros, \u00bfpor qu\u00e9 tenemos mercanc\u00eda? \u00bfPor qu\u00e9 nos dicen que vamos a estar en esta historia? &#8216;Yo estaba como,&#8217; Me dijeron que nuestra historia con los Mysterios fue descartada porque contrajeron COVID, eso nos sac\u00f3 de la televisi\u00f3n y descart\u00f3 esa historia por un tiempo. Luego trataron de volver a eso y luego Murphy tuvo COVID. Simplemente sigui\u00f3 creciendo, creciendo,&#8221; dijo.<\/p>\n","protected":false},"excerpt":{"rendered":"<p>WWE liber\u00f3 a Steve Cutler de su contrato despu\u00e9s de que contrajera COVID-19, pero la compa\u00f1\u00eda no admiti\u00f3 que esa fuera la raz\u00f3n.<\/p>\n","protected":false},"author":1,"featured_media":131125,"comment_status":"open","ping_status":"closed","sticky":false,"template":"","format":"standard","meta":{"footnotes":""},"categories":[5,38],"tags":[],"class_list":{"0":"post-131124","1":"post","2":"type-post","3":"status-publish","4":"format-standard","5":"has-post-thumbnail","7":"category-noticias","8":"category-noticias-y-rumores-de-la-wwe"},"_links":{"self":[{"href":"https:\/\/www.prwrestling.com\/nw\/wp-json\/wp\/v2\/posts\/131124","targetHints":{"allow":["GET"]}}],"collection":[{"href":"https:\/\/www.prwrestling.com\/nw\/wp-json\/wp\/v2\/posts"}],"about":[{"href":"https:\/\/www.prwrestling.com\/nw\/wp-json\/wp\/v2\/types\/post"}],"author":[{"embeddable":true,"href":"https:\/\/www.prwrestling.com\/nw\/wp-json\/wp\/v2\/users\/1"}],"replies":[{"embeddable":true,"href":"https:\/\/www.prwrestling.com\/nw\/wp-json\/wp\/v2\/comments?post=131124"}],"version-history":[{"count":0,"href":"https:\/\/www.prwrestling.com\/nw\/wp-json\/wp\/v2\/posts\/131124\/revisions"}],"wp:featuredmedia":[{"embeddable":true,"href":"https:\/\/www.prwrestling.com\/nw\/wp-json\/wp\/v2\/media\/131125"}],"wp:attachment":[{"href":"https:\/\/www.prwrestling.com\/nw\/wp-json\/wp\/v2\/media?parent=131124"}],"wp:term":[{"taxonomy":"category","embeddable":true,"href":"https:\/\/www.prwrestling.com\/nw\/wp-json\/wp\/v2\/categories?post=131124"},{"taxonomy":"post_tag","embeddable":true,"href":"https:\/\/www.prwrestling.com\/nw\/wp-json\/wp\/v2\/tags?post=131124"}],"curies":[{"name":"wp","href":"https:\/\/api.w.org\/{rel}","templated":true}]}}