{"id":131145,"date":"2021-05-04T21:04:38","date_gmt":"2021-05-05T01:04:38","guid":{"rendered":"https:\/\/www.prwrestling.com\/nw\/?p=131145"},"modified":"2021-05-04T21:17:23","modified_gmt":"2021-05-05T01:17:23","slug":"mcintyre-reconoce-le-tomo-trabajo-poder-conectar-con-la-fanaticada","status":"publish","type":"post","link":"https:\/\/www.prwrestling.com\/nw\/mcintyre-reconoce-le-tomo-trabajo-poder-conectar-con-la-fanaticada\/","title":{"rendered":"McIntyre reconoce le tom\u00f3 trabajo poder conectar con la fanaticada"},"content":{"rendered":"<p>Drew McIntyre ha demostrado ser uno de los talentos m\u00e1s confiables de la WWE.<!--more--> Antes de que McIntyre se convirtiera en babyface, hizo su regreso en el 2017 como rudo y no fue tan bien recibido.<div id=\"ad-slot\" style=\"min-width: 300px; min-height: 250px;\">\r\n<p style=\"text-align: center;\">\r\n<script async src=\"https:\/\/pagead2.googlesyndication.com\/pagead\/js\/adsbygoogle.js\"><\/script>\r\n<!-- 300x250 sc a -->\r\n<ins class=\"adsbygoogle\"\r\n     style=\"display:inline-block;width:300px;height:250px\"\r\n     data-ad-client=\"ca-pub-1244235910658811\"\r\n     data-ad-slot=\"8592682546\"><\/ins>\r\n<script>\r\n     (adsbygoogle = window.adsbygoogle || []).push({});\r\n<\/script><\/center>\r\n<\/p><\/div><br \/>\nMientras hablaba en el podcast de Notsam Wrestling, el dos veces campe\u00f3n de la WWE habl\u00f3 sobre su mentalidad previa a su gran victoria en Royal Rumble 2020.<\/p>\n<p>Se le pregunt\u00f3 a McIntyre si se sent\u00eda listo para ser un contendiente al t\u00edtulo de la WWE antes de ese momento.<\/p>\n<p>\u201cLo sent\u00ed de los fan\u00e1ticos, lo cual fue genial. Pero, como mencion\u00e9 antes, mentalmente estaba en un lugar diferente. Yo estaba como &#8220;cuanto m\u00e1s tarde, mejor&#8221;. Cuanto m\u00e1s lo quieran, mejor. Porque ahora entiendo que son 52 semanas. Tenemos que llegar a un punto en el que me conozcan por dentro y por fuera &#8216;.<\/p>\n<p>&#8220;Lo que pas\u00f3 en ese per\u00edodo fue que podr\u00eda haberlo hecho, pero no estaba del todo listo. Lo sab\u00eda. Sab\u00eda que faltaban piezas en el rompecabezas.&#8221;<br \/>\n<div id=\"ad-slot\" style=\"min-width: 300px; min-height: 250px;\"><p style=\"text-align: center;\">\r\n<script async src=\"https:\/\/pagead2.googlesyndication.com\/pagead\/js\/adsbygoogle.js\"><\/script>\r\n<!-- Responsive sc c -->\r\n<ins class=\"adsbygoogle\"\r\n     style=\"display:block\"\r\n     data-ad-client=\"ca-pub-1244235910658811\"\r\n     data-ad-slot=\"4234005358\"\r\n     data-ad-format=\"auto\"\r\n     data-full-width-responsive=\"true\"><\/ins>\r\n<script>\r\n     (adsbygoogle = window.adsbygoogle || []).push({});\r\n<\/script><\/p><\/div><br \/>\n&#8220;S\u00e9 que no ten\u00eda esa conexi\u00f3n con los fan\u00e1ticos que necesitaba. Incluso cuando era un rudo, era simplemente un &#8220;chico malo falso y enojado&#8221;. No ten\u00eda el car\u00e1cter definido en ese momento y no sab\u00eda muy bien qui\u00e9n era al 100%. Tan c\u00f3modo como estaba, en ese momento supe que faltaba algo. Y recuerdo haber visto conscientemente en Twitter, sentirlo entre la multitud y que los fans me dijeran en persona &#8220;\u00bfpor qu\u00e9 no est\u00e1s aqu\u00ed?&#8221;. Yo dije &#8220;est\u00e1 bien, lo est\u00e1n sintiendo&#8221;. Eso es genial. Pero s\u00e9 que a\u00fan no es el momento. Y cuando sea el momento, yo tambi\u00e9n lo sabr\u00e9,&#8221; dijo.<\/p>\n<p>McIntyre derrotar\u00eda a Brock Lesnar por el Campeonato de la WWE en WrestleMania 36 y desde ese entonces se ha convertido en la cara principal de Raw.<\/p>\n","protected":false},"excerpt":{"rendered":"<p>Drew McIntyre ha demostrado ser uno de los talentos m\u00e1s confiables de la WWE.<\/p>\n","protected":false},"author":1,"featured_media":108155,"comment_status":"open","ping_status":"closed","sticky":false,"template":"","format":"standard","meta":{"footnotes":""},"categories":[5,38],"tags":[4040,9],"class_list":{"0":"post-131145","1":"post","2":"type-post","3":"status-publish","4":"format-standard","5":"has-post-thumbnail","7":"category-noticias","8":"category-noticias-y-rumores-de-la-wwe","9":"tag-drew-mcintyre","10":"tag-wwe"},"_links":{"self":[{"href":"https:\/\/www.prwrestling.com\/nw\/wp-json\/wp\/v2\/posts\/131145","targetHints":{"allow":["GET"]}}],"collection":[{"href":"https:\/\/www.prwrestling.com\/nw\/wp-json\/wp\/v2\/posts"}],"about":[{"href":"https:\/\/www.prwrestling.com\/nw\/wp-json\/wp\/v2\/types\/post"}],"author":[{"embeddable":true,"href":"https:\/\/www.prwrestling.com\/nw\/wp-json\/wp\/v2\/users\/1"}],"replies":[{"embeddable":true,"href":"https:\/\/www.prwrestling.com\/nw\/wp-json\/wp\/v2\/comments?post=131145"}],"version-history":[{"count":2,"href":"https:\/\/www.prwrestling.com\/nw\/wp-json\/wp\/v2\/posts\/131145\/revisions"}],"predecessor-version":[{"id":131148,"href":"https:\/\/www.prwrestling.com\/nw\/wp-json\/wp\/v2\/posts\/131145\/revisions\/131148"}],"wp:featuredmedia":[{"embeddable":true,"href":"https:\/\/www.prwrestling.com\/nw\/wp-json\/wp\/v2\/media\/108155"}],"wp:attachment":[{"href":"https:\/\/www.prwrestling.com\/nw\/wp-json\/wp\/v2\/media?parent=131145"}],"wp:term":[{"taxonomy":"category","embeddable":true,"href":"https:\/\/www.prwrestling.com\/nw\/wp-json\/wp\/v2\/categories?post=131145"},{"taxonomy":"post_tag","embeddable":true,"href":"https:\/\/www.prwrestling.com\/nw\/wp-json\/wp\/v2\/tags?post=131145"}],"curies":[{"name":"wp","href":"https:\/\/api.w.org\/{rel}","templated":true}]}}