{"id":131233,"date":"2021-05-11T17:35:07","date_gmt":"2021-05-11T21:35:07","guid":{"rendered":"https:\/\/www.prwrestling.com\/nw\/?p=131233"},"modified":"2021-05-11T17:35:07","modified_gmt":"2021-05-11T21:35:07","slug":"ricky-starks-lesionado","status":"publish","type":"post","link":"https:\/\/www.prwrestling.com\/nw\/ricky-starks-lesionado\/","title":{"rendered":"Ricky Starks lesionado"},"content":{"rendered":"<p>Ricky Starks est\u00e1 fuera de acci\u00f3n con un cuello fracturado.<!--more-->Esto dejar\u00e1 al miembro del Equipo Taz sin poder luchar durante bastante tiempo.<div id=\"ad-slot\" style=\"min-width: 300px; min-height: 250px;\">\r\n<p style=\"text-align: center;\">\r\n<script async src=\"https:\/\/pagead2.googlesyndication.com\/pagead\/js\/adsbygoogle.js\"><\/script>\r\n<!-- 300x250 sc a -->\r\n<ins class=\"adsbygoogle\"\r\n     style=\"display:inline-block;width:300px;height:250px\"\r\n     data-ad-client=\"ca-pub-1244235910658811\"\r\n     data-ad-slot=\"8592682546\"><\/ins>\r\n<script>\r\n     (adsbygoogle = window.adsbygoogle || []).push({});\r\n<\/script><\/center>\r\n<\/p><\/div><br \/>\nFightful inform\u00f3 que se trata de &#8220;una leve fractura&#8221;. En este momento no necesitar\u00e1 cirug\u00eda, pero tampoco podr\u00e1 soportar golpes en el ring por vaios meses.<\/p>\n<p>Starks aterriz\u00f3 malamente en su cuello durante un combate del 21 de abril contra Adam \u201cHangman\u201d Page. No se confirm\u00f3 que su lesi\u00f3n est\u00e9 relacionada con ese golpe.<\/p>\n<p>Starks parec\u00eda estar bien a pesar de esta situaci\u00f3n. Est\u00e1 haciendo DDP Yoga y elogi\u00f3 sus beneficios despu\u00e9s de ese mal golpe con Dynamite.<\/p>\n<blockquote class=\"twitter-tweet\">\n<p dir=\"ltr\" lang=\"en\">I\u2019m good! Thank you <a href=\"https:\/\/twitter.com\/DDPYoga?ref_src=twsrc%5Etfw\" target=\"_blank\" rel=\"noopener\">@DDPYoga<\/a> for my flexibility<\/p>\n<p>\u2014 Ricky Starks (@starkmanjones) <a href=\"https:\/\/twitter.com\/starkmanjones\/status\/1385052955427082241?ref_src=twsrc%5Etfw\" target=\"_blank\" rel=\"noopener\">April 22, 2021<\/a><\/p><\/blockquote>\n<p><script async src=\"https:\/\/platform.twitter.com\/widgets.js\" charset=\"utf-8\"><\/script><\/p>\n","protected":false},"excerpt":{"rendered":"<p>Ricky Starks est\u00e1 fuera de acci\u00f3n con un cuello fracturado.<\/p>\n","protected":false},"author":1,"featured_media":131234,"comment_status":"open","ping_status":"closed","sticky":false,"template":"","format":"standard","meta":{"footnotes":""},"categories":[5,1],"tags":[],"class_list":{"0":"post-131233","1":"post","2":"type-post","3":"status-publish","4":"format-standard","5":"has-post-thumbnail","7":"category-noticias","8":"category-all-elite-wrestling"},"_links":{"self":[{"href":"https:\/\/www.prwrestling.com\/nw\/wp-json\/wp\/v2\/posts\/131233","targetHints":{"allow":["GET"]}}],"collection":[{"href":"https:\/\/www.prwrestling.com\/nw\/wp-json\/wp\/v2\/posts"}],"about":[{"href":"https:\/\/www.prwrestling.com\/nw\/wp-json\/wp\/v2\/types\/post"}],"author":[{"embeddable":true,"href":"https:\/\/www.prwrestling.com\/nw\/wp-json\/wp\/v2\/users\/1"}],"replies":[{"embeddable":true,"href":"https:\/\/www.prwrestling.com\/nw\/wp-json\/wp\/v2\/comments?post=131233"}],"version-history":[{"count":0,"href":"https:\/\/www.prwrestling.com\/nw\/wp-json\/wp\/v2\/posts\/131233\/revisions"}],"wp:featuredmedia":[{"embeddable":true,"href":"https:\/\/www.prwrestling.com\/nw\/wp-json\/wp\/v2\/media\/131234"}],"wp:attachment":[{"href":"https:\/\/www.prwrestling.com\/nw\/wp-json\/wp\/v2\/media?parent=131233"}],"wp:term":[{"taxonomy":"category","embeddable":true,"href":"https:\/\/www.prwrestling.com\/nw\/wp-json\/wp\/v2\/categories?post=131233"},{"taxonomy":"post_tag","embeddable":true,"href":"https:\/\/www.prwrestling.com\/nw\/wp-json\/wp\/v2\/tags?post=131233"}],"curies":[{"name":"wp","href":"https:\/\/api.w.org\/{rel}","templated":true}]}}