{"id":131269,"date":"2021-05-14T13:56:15","date_gmt":"2021-05-14T17:56:15","guid":{"rendered":"https:\/\/www.prwrestling.com\/nw\/?p=131269"},"modified":"2021-05-14T13:56:15","modified_gmt":"2021-05-14T17:56:15","slug":"rumor-talento-de-smackdown-podria-ser-movido-a-raw","status":"publish","type":"post","link":"https:\/\/www.prwrestling.com\/nw\/rumor-talento-de-smackdown-podria-ser-movido-a-raw\/","title":{"rendered":"Rumor: Talento de Smackdown podr\u00eda ser movido a Raw"},"content":{"rendered":"<p>Es posible que WWE haga pronto varias incorporaciones al roster de la marca RAW.<!--more--><\/p>\n<p>Recientemente se ha hablado dentro de la WWE de que la marca roja necesita algunas caras nuevas, seg\u00fan @Wrestlevotes. Se dice que debido a que Randy Orton y AJ Styles tienen roles en parejas, esto ha dejado la parte superior de la cartel un poco d\u00e9bil.<br \/>\n<div id=\"ad-slot\" style=\"min-width: 300px; min-height: 250px;\">\r\n<p style=\"text-align: center;\">\r\n<script async src=\"https:\/\/pagead2.googlesyndication.com\/pagead\/js\/adsbygoogle.js\"><\/script>\r\n<!-- 300x250 sc a -->\r\n<ins class=\"adsbygoogle\"\r\n     style=\"display:inline-block;width:300px;height:250px\"\r\n     data-ad-client=\"ca-pub-1244235910658811\"\r\n     data-ad-slot=\"8592682546\"><\/ins>\r\n<script>\r\n     (adsbygoogle = window.adsbygoogle || []).push({});\r\n<\/script><\/center>\r\n<\/p><\/div><br \/>\nUna idea discutida es darle un gran empuj\u00f3n fuerte a Damian Priest. Priest ha estado peleando con The Miz durante varios meses, pero esa ri\u00f1a terminar\u00e1 este domingo con el Lumberjack Match en WrestleMania Backlash.<\/p>\n<p>Otra idea discutida para la marca RAW es mover a Aleister Black de SmackDown para tener el empuje que muchos han esperado por los pasados meses. WWE recientemente comenz\u00f3 a transmitir vi\u00f1etas para promocionar la llegada de Black a SmackDown, pero no se sabe cu\u00e1ndo podr\u00eda regresar al ring. <\/p>\n<p>Black no ha luchado desde que estuvo en RAW en octubre, la misma noche que fue reclutado para SmackDown.<\/p>\n","protected":false},"excerpt":{"rendered":"<p>Es posible que WWE haga pronto varias incorporaciones al roster de la marca RAW.<\/p>\n","protected":false},"author":1,"featured_media":125994,"comment_status":"open","ping_status":"closed","sticky":false,"template":"","format":"standard","meta":{"footnotes":""},"categories":[5,38],"tags":[],"class_list":{"0":"post-131269","1":"post","2":"type-post","3":"status-publish","4":"format-standard","5":"has-post-thumbnail","7":"category-noticias","8":"category-noticias-y-rumores-de-la-wwe"},"_links":{"self":[{"href":"https:\/\/www.prwrestling.com\/nw\/wp-json\/wp\/v2\/posts\/131269","targetHints":{"allow":["GET"]}}],"collection":[{"href":"https:\/\/www.prwrestling.com\/nw\/wp-json\/wp\/v2\/posts"}],"about":[{"href":"https:\/\/www.prwrestling.com\/nw\/wp-json\/wp\/v2\/types\/post"}],"author":[{"embeddable":true,"href":"https:\/\/www.prwrestling.com\/nw\/wp-json\/wp\/v2\/users\/1"}],"replies":[{"embeddable":true,"href":"https:\/\/www.prwrestling.com\/nw\/wp-json\/wp\/v2\/comments?post=131269"}],"version-history":[{"count":1,"href":"https:\/\/www.prwrestling.com\/nw\/wp-json\/wp\/v2\/posts\/131269\/revisions"}],"predecessor-version":[{"id":131270,"href":"https:\/\/www.prwrestling.com\/nw\/wp-json\/wp\/v2\/posts\/131269\/revisions\/131270"}],"wp:featuredmedia":[{"embeddable":true,"href":"https:\/\/www.prwrestling.com\/nw\/wp-json\/wp\/v2\/media\/125994"}],"wp:attachment":[{"href":"https:\/\/www.prwrestling.com\/nw\/wp-json\/wp\/v2\/media?parent=131269"}],"wp:term":[{"taxonomy":"category","embeddable":true,"href":"https:\/\/www.prwrestling.com\/nw\/wp-json\/wp\/v2\/categories?post=131269"},{"taxonomy":"post_tag","embeddable":true,"href":"https:\/\/www.prwrestling.com\/nw\/wp-json\/wp\/v2\/tags?post=131269"}],"curies":[{"name":"wp","href":"https:\/\/api.w.org\/{rel}","templated":true}]}}